{"id":4385,"date":"2025-11-20T18:18:52","date_gmt":"2025-11-20T22:18:52","guid":{"rendered":"https:\/\/periodicolarepublica.com\/?p=4385"},"modified":"2025-11-20T18:18:52","modified_gmt":"2025-11-20T22:18:52","slug":"propeep-entrega-dos-paseos-de-los-colores-en-villa-tapia-que-rinden-homenaje-a-las-hermanas-mirabal-y-su-cultura","status":"publish","type":"post","link":"https:\/\/periodicolarepublica.com\/index.php\/2025\/11\/20\/propeep-entrega-dos-paseos-de-los-colores-en-villa-tapia-que-rinden-homenaje-a-las-hermanas-mirabal-y-su-cultura\/","title":{"rendered":"Propeep entrega dos Paseos de los Colores en Villa Tapia que rinden homenaje a las hermanas Mirabal y su cultura"},"content":{"rendered":"<p>*Villa Tapia, Hermanas Mirabal*.- En el marco del Festival Cultural Hermanas Mirabal \u201cVilla Tapia est\u00e1 en Festival\u201d, la Direcci\u00f3n de los Proyectos Estrat\u00e9gicos y Especiales de la Presidencia (Propeep) entreg\u00f3 dos \u201cPaseos de los Colores\u201d que rinden homenaje a las hermanas Mirabal, su cultura y las tradiciones de este municipio.<\/p>\n<p>&nbsp;<\/p>\n<p>Los actos contaron con la presencia del exvicepresidente de la Rep\u00fablica, Jaime David Fern\u00e1ndez Mirabal, quien adem\u00e1s preside la Asociaci\u00f3n para el Desarrollo Cultural de la provincia Hermanas Mirabal.<\/p>\n<p>&nbsp;<\/p>\n<p>Las inauguraciones de los Paseos de los Colores fueron encabezadas por el director de Propeep, Robert Polanco, quien expres\u00f3 que estas obras de arte no solo embellecen los espacios, sino que contribuyen a fortalecer las tradiciones, historia; asimismo la autoestima de los estudiantes y motivan a las familias a cuidar y valorar su entorno.<\/p>\n<p>&nbsp;<\/p>\n<p>\u201cCada mural cuenta una historia, transmite un mensaje y construye un v\u00ednculo directo entre la comunidad y su identidad cultural; este programa es una herramienta poderosa para la educaci\u00f3n y el desarrollo social de cada pueblo \u201d, expres\u00f3 el funcionario.<\/p>\n<p>&nbsp;<\/p>\n<p>Robert Polanco precis\u00f3 que durante su gesti\u00f3n diversas provincias y municipios han sido intervenidas con murales que exaltan la historia, los valores patrios, la identidad local y figuras emblem\u00e1ticas que representan el orgullo dominicano, con el prop\u00f3sito de llevar belleza a cada provincia y municipio.<\/p>\n<p>&nbsp;<\/p>\n<p>El director de Propeep destac\u00f3 que este programa ha fortalecido alianzas con autoridades municipales, instituciones educativas, l\u00edderes comunitarios y gestores culturales, con el fin de ampliar el alcance de las intervenciones y garantizar su sostenibilidad.<\/p>\n<p>&nbsp;<\/p>\n<p>\u201cHoy estamos entregando un hermoso mural que rinde homenaje a las hero\u00ednas Patria, Minerva y Mar\u00eda Teresa Mirabal, quienes lucharon por la libertad dejando un legado con esp\u00edritu de valent\u00eda y resiliencia\u201d, precis\u00f3.<\/p>\n<p>&nbsp;<\/p>\n<p>Estas obras de arte fueron plasmadas, una en la entrada del municipio y otra en la verja perimetral del Liceo Jaime Molina Mota. Ambas suman 500 metros cuadrados y fueron realizadas por un equipo de artistas pl\u00e1sticos de la Direcci\u00f3n Dominicana Cultural y Creativa, de Propeep; coordinado por Lino Manuel Garc\u00eda.<\/p>\n<p>&nbsp;<\/p>\n<p>*Sobre las Hermanas Mirabal*<\/p>\n<p>&nbsp;<\/p>\n<p>La conmemoraci\u00f3n a las hermanas Mirabal se celebra el 25 de noviembre, conocido por la ONU como el *D\u00eda Internacional de la Eliminaci\u00f3n de la Violencia contra la Mujer*, en honor a Patria, Minerva y Mar\u00eda Teresa Mirabal, quienes fueron asesinadas en 1960 por su oposici\u00f3n a la dictadura de Rafael Le\u00f3nidas Trujillo.<\/p>\n<p>&nbsp;<\/p>\n<p>Ese d\u00eda, a trav\u00e9s de actividades de concientizaci\u00f3n, eventos culturales y otras expresiones, en todo el mundo se manifiestan en contra de la violencia de g\u00e9nero.<\/p>\n<p>&nbsp;<\/p>\n<p>*Autoridades provinciales y municipales*<\/p>\n<p>&nbsp;<\/p>\n<p>Durante el recorrido por los Paseos de los Colores, Robert Polanco estuvo acompa\u00f1ado por el exvicepresidente de la Rep\u00fablica, Jaime David Fern\u00e1ndez Mirabal; la senadora Mercedes Ortiz; y la alcaldesa Raquel Rosario, entre otras autoridades<\/p>\n<p>*Direcci\u00f3n de Comunicaciones Propeep*<\/p>\n<p>20 de Noviembre 2025<\/p>\n<p>&nbsp;<\/p>\n<p><img loading=\"lazy\" decoding=\"async\" class=\"alignnone size-medium wp-image-4386\" src=\"https:\/\/periodicolarepublica.com\/wp-content\/uploads\/2025\/11\/IMG-20251120-WA0055-e1763677048145-300x274.jpg\" alt=\"\" width=\"300\" height=\"274\" srcset=\"https:\/\/periodicolarepublica.com\/wp-content\/uploads\/2025\/11\/IMG-20251120-WA0055-e1763677048145-300x274.jpg 300w, https:\/\/periodicolarepublica.com\/wp-content\/uploads\/2025\/11\/IMG-20251120-WA0055-e1763677048145-150x137.jpg 150w, https:\/\/periodicolarepublica.com\/wp-content\/uploads\/2025\/11\/IMG-20251120-WA0055-e1763677048145.jpg 490w\" sizes=\"auto, (max-width: 300px) 100vw, 300px\" \/><\/p>\n","protected":false},"excerpt":{"rendered":"<p>*Villa Tapia, Hermanas Mirabal*.- En el marco del Festival Cultural Hermanas Mirabal \u201cVilla Tapia est\u00e1 en Festival\u201d, la Direcci\u00f3n de los Proyectos Estrat\u00e9gicos y Especiales de la Presidencia (Propeep) entreg\u00f3 dos \u201cPaseos de los Colores\u201d que rinden homenaje a las hermanas Mirabal, su cultura y las tradiciones de este municipio. &nbsp; Los actos contaron con [&hellip;]<\/p>\n","protected":false},"author":6,"featured_media":4386,"comment_status":"open","ping_status":"open","sticky":false,"template":"","format":"standard","meta":{"om_disable_all_campaigns":false,"_monsterinsights_skip_tracking":false,"_monsterinsights_sitenote_active":false,"_monsterinsights_sitenote_note":"","_monsterinsights_sitenote_category":0,"footnotes":""},"categories":[1],"tags":[477],"class_list":{"0":"post-4385","1":"post","2":"type-post","3":"status-publish","4":"format-standard","5":"has-post-thumbnail","7":"category-nacionales","8":"tag-propeep"},"aioseo_notices":[],"_links":{"self":[{"href":"https:\/\/periodicolarepublica.com\/index.php\/wp-json\/wp\/v2\/posts\/4385","targetHints":{"allow":["GET"]}}],"collection":[{"href":"https:\/\/periodicolarepublica.com\/index.php\/wp-json\/wp\/v2\/posts"}],"about":[{"href":"https:\/\/periodicolarepublica.com\/index.php\/wp-json\/wp\/v2\/types\/post"}],"author":[{"embeddable":true,"href":"https:\/\/periodicolarepublica.com\/index.php\/wp-json\/wp\/v2\/users\/6"}],"replies":[{"embeddable":true,"href":"https:\/\/periodicolarepublica.com\/index.php\/wp-json\/wp\/v2\/comments?post=4385"}],"version-history":[{"count":1,"href":"https:\/\/periodicolarepublica.com\/index.php\/wp-json\/wp\/v2\/posts\/4385\/revisions"}],"predecessor-version":[{"id":4387,"href":"https:\/\/periodicolarepublica.com\/index.php\/wp-json\/wp\/v2\/posts\/4385\/revisions\/4387"}],"wp:featuredmedia":[{"embeddable":true,"href":"https:\/\/periodicolarepublica.com\/index.php\/wp-json\/wp\/v2\/media\/4386"}],"wp:attachment":[{"href":"https:\/\/periodicolarepublica.com\/index.php\/wp-json\/wp\/v2\/media?parent=4385"}],"wp:term":[{"taxonomy":"category","embeddable":true,"href":"https:\/\/periodicolarepublica.com\/index.php\/wp-json\/wp\/v2\/categories?post=4385"},{"taxonomy":"post_tag","embeddable":true,"href":"https:\/\/periodicolarepublica.com\/index.php\/wp-json\/wp\/v2\/tags?post=4385"}],"curies":[{"name":"wp","href":"https:\/\/api.w.org\/{rel}","templated":true}]}}