{"id":4388,"date":"2025-11-21T08:28:10","date_gmt":"2025-11-21T12:28:10","guid":{"rendered":"https:\/\/periodicolarepublica.com\/?p=4388"},"modified":"2025-11-22T10:31:06","modified_gmt":"2025-11-22T14:31:06","slug":"asca-del-idac-gradua-37-nuevos-profesionales-en-su-decimo-tercera-investidura-ordinaria","status":"publish","type":"post","link":"https:\/\/periodicolarepublica.com\/index.php\/2025\/11\/21\/asca-del-idac-gradua-37-nuevos-profesionales-en-su-decimo-tercera-investidura-ordinaria\/","title":{"rendered":"ASCA del IDAC grad\u00faa 37 nuevos profesionales en su d\u00e9cimo tercera investidura ordinaria"},"content":{"rendered":"<p>La Academia Superior de Ciencias Aeron\u00e1utica (ASCA) ha sumado 519 profesionales al sector_<\/p>\n<p>Punta Caucedo.- La Academia Superior de Ciencias Aeron\u00e1uticas (ASCA) \u00f3rgano de formaci\u00f3n especializada del Instituto Dominicano de Aviaci\u00f3n Civil (IDAC) celebr\u00f3 su d\u00e9cimo tercera graduaci\u00f3n ordinaria, en la que se titularon 37 nuevos profesionales de la carrera T\u00e9cnico Superior en Administraci\u00f3n Aeron\u00e1utica, luego de agotar dos a\u00f1os de estudios intensivos.<\/p>\n<p>El director general del IDAC, Igor Rodr\u00edguez Dur\u00e1n, indic\u00f3 que los reci\u00e9n graduados de la ASCA se integran a un sector aeron\u00e1utico que mantiene elevados niveles de exigencia requeridos, \u201cel mejor futuro de la aviaci\u00f3n civil lo estamos trabajando desde nuestra academia\u201d, indic\u00f3.<\/p>\n<p>\u201cLa aviaci\u00f3n civil contin\u00faa consolid\u00e1ndose como un pilar estrat\u00e9gico de la econom\u00eda nacional, superando los 20 millones de pasajeros transportados en 2025, cifra que demuestra el crecimiento sostenido del sector y su impacto como motor del turismo, el comercio y la competitividad del pa\u00eds. Con este grupo de egresados, la academia alcanza un total de 519 profesionales formados, distribuidos en: 252 T\u00e9cnicos Superiores en Administraci\u00f3n Aeron\u00e1utica (TSAA), y 267 T\u00e9cnicos Superiores en Control de Tr\u00e1nsito A\u00e9reo en Aer\u00f3dromo (TSCTAA)\u201d, sostuvo Rodr\u00edguez Dur\u00e1n.<\/p>\n<p>&nbsp;<\/p>\n<p>El titular del IDAC a\u00f1adi\u00f3 que \u201choy culmina una etapa importante, pero comienza una a\u00fan m\u00e1s desafiante. Hoy se integran a un sector que exige disciplina, responsabilidad, \u00e9tica y excelencia. Ustedes han sido formados bajo esos principios y estamos seguros que representar\u00e1n con orgullo los valores de la ASCA y del IDAC dondequiera que ejerzan. El pa\u00eds deposita en ustedes la confianza de continuar impulsando una aviaci\u00f3n civil segura, moderna y competitiva. Ustedes son parte de la nueva generaci\u00f3n que sostendr\u00e1 las operaciones a\u00e9reas, que acompa\u00f1ar\u00e1 la expansi\u00f3n de nuestros aeropuertos y que fortalecer\u00e1 la conectividad del pa\u00eds con el mundo\u201d.<\/p>\n<p>&nbsp;<\/p>\n<p>En ese mismo orden se expres\u00f3 el ministro de la Presidencia, Jos\u00e9 Ignacio Paliza, quien valor\u00f3 el esfuerzo de los graduandos por insertarse en el sector aeron\u00e1utico, uno de los principales pilares que sostienen la econom\u00eda Dominicana y colaborar de mano con el turismo local, adem\u00e1s, los felicit\u00f3 por servir de estimulo y referencia para otros j\u00f3venes y por caminar de la mano de las metas propuestas por el Presidente Luis Abinader.<\/p>\n<p>&nbsp;<\/p>\n<p>\u00abLa consolidaci\u00f3n de nuestro pa\u00eds y nuestra econom\u00eda depende mucho de hombres y mujeres como ustedes, quienes se atreven a dar este paso de formarse como t\u00e9cnicos aeron\u00e1uticos\u00bb, destac\u00f3 el funcionario.<\/p>\n<p>&nbsp;<\/p>\n<p>De igual modo, la directora de la ASCA, Clara Fern\u00e1ndez valor\u00f3 el esfuerzo del equipo docente de la academia y de los propios graduandos por cumplir una vez m\u00e1s con la misi\u00f3n de crear entes productivos para la sociedad, con las competencias que demanda la aviaci\u00f3n dominicana, pieza clave en el desarrollo sostenible del turismo y la econom\u00eda de nuestro pa\u00eds.<\/p>\n<p>&nbsp;<\/p>\n<p>\u201cHoy nos vestimos de gala una vez m\u00e1s para celebrar nuestro mayor activo: 37 nuevos profesionales preparados para insertarse laboralmente en la industria aeron\u00e1utica y contribuir en su desarrollo y competitividad. Con mucha satisfacci\u00f3n, ponemos a disposici\u00f3n del sector aeron\u00e1utico estos nuevos talentos, con una formaci\u00f3n global e integral en materia de regulaciones y est\u00e1ndares de aviaci\u00f3n civil nacional e internacional, Infraestructura y Gesti\u00f3n de Aeropuertos, Gesti\u00f3n del Transporte A\u00e9reo, Gesti\u00f3n de la Seguridad Operacional, Servicios de tr\u00e1nsito a\u00e9reo, Gesti\u00f3n aeron\u00e1utica y Gesti\u00f3n de l\u00edneas a\u00e9reas; as\u00ed como de conocimientos avanzados en organizaci\u00f3n administrativa y gesti\u00f3n de proyectos aeron\u00e1uticos\u201d, sostuvo Fern\u00e1ndez.<\/p>\n<p>&nbsp;<\/p>\n<p>En representaci\u00f3n de los estudiantes habl\u00f3 Astrid Massiel Agramonte Almonte, estudiante de honor Summa Cum Laude con el mayor \u00edndice acad\u00e9mico de 3.98, seguida de Joan Silvio Encarnaci\u00f3n D\u2019Oleo, con 3.97 y Ana Carolina Castellanos Suriel, con 3.91.<\/p>\n<p>&nbsp;<\/p>\n<p><img loading=\"lazy\" decoding=\"async\" class=\"alignnone size-medium wp-image-4389\" src=\"https:\/\/periodicolarepublica.com\/wp-content\/uploads\/2025\/11\/IMG-20251122-WA00141-scaled-e1763821806460-300x231.jpg\" alt=\"\" width=\"300\" height=\"231\" srcset=\"https:\/\/periodicolarepublica.com\/wp-content\/uploads\/2025\/11\/IMG-20251122-WA00141-scaled-e1763821806460-300x231.jpg 300w, https:\/\/periodicolarepublica.com\/wp-content\/uploads\/2025\/11\/IMG-20251122-WA00141-scaled-e1763821806460-1024x788.jpg 1024w, https:\/\/periodicolarepublica.com\/wp-content\/uploads\/2025\/11\/IMG-20251122-WA00141-scaled-e1763821806460-768x591.jpg 768w, https:\/\/periodicolarepublica.com\/wp-content\/uploads\/2025\/11\/IMG-20251122-WA00141-scaled-e1763821806460-1536x1182.jpg 1536w, https:\/\/periodicolarepublica.com\/wp-content\/uploads\/2025\/11\/IMG-20251122-WA00141-scaled-e1763821806460-150x115.jpg 150w, https:\/\/periodicolarepublica.com\/wp-content\/uploads\/2025\/11\/IMG-20251122-WA00141-scaled-e1763821806460-600x462.jpg 600w, https:\/\/periodicolarepublica.com\/wp-content\/uploads\/2025\/11\/IMG-20251122-WA00141-scaled-e1763821806460-696x536.jpg 696w, https:\/\/periodicolarepublica.com\/wp-content\/uploads\/2025\/11\/IMG-20251122-WA00141-scaled-e1763821806460-1392x1071.jpg 1392w, https:\/\/periodicolarepublica.com\/wp-content\/uploads\/2025\/11\/IMG-20251122-WA00141-scaled-e1763821806460-1068x822.jpg 1068w, https:\/\/periodicolarepublica.com\/wp-content\/uploads\/2025\/11\/IMG-20251122-WA00141-scaled-e1763821806460.jpg 1732w\" sizes=\"auto, (max-width: 300px) 100vw, 300px\" \/><\/p>\n","protected":false},"excerpt":{"rendered":"<p>La Academia Superior de Ciencias Aeron\u00e1utica (ASCA) ha sumado 519 profesionales al sector_ Punta Caucedo.- La Academia Superior de Ciencias Aeron\u00e1uticas (ASCA) \u00f3rgano de formaci\u00f3n especializada del Instituto Dominicano de Aviaci\u00f3n Civil (IDAC) celebr\u00f3 su d\u00e9cimo tercera graduaci\u00f3n ordinaria, en la que se titularon 37 nuevos profesionales de la carrera T\u00e9cnico Superior en Administraci\u00f3n Aeron\u00e1utica, [&hellip;]<\/p>\n","protected":false},"author":6,"featured_media":4389,"comment_status":"open","ping_status":"open","sticky":false,"template":"","format":"standard","meta":{"om_disable_all_campaigns":false,"_monsterinsights_skip_tracking":false,"_monsterinsights_sitenote_active":false,"_monsterinsights_sitenote_note":"","_monsterinsights_sitenote_category":0,"footnotes":""},"categories":[1],"tags":[357],"class_list":{"0":"post-4388","1":"post","2":"type-post","3":"status-publish","4":"format-standard","5":"has-post-thumbnail","7":"category-nacionales","8":"tag-idac"},"aioseo_notices":[],"_links":{"self":[{"href":"https:\/\/periodicolarepublica.com\/index.php\/wp-json\/wp\/v2\/posts\/4388","targetHints":{"allow":["GET"]}}],"collection":[{"href":"https:\/\/periodicolarepublica.com\/index.php\/wp-json\/wp\/v2\/posts"}],"about":[{"href":"https:\/\/periodicolarepublica.com\/index.php\/wp-json\/wp\/v2\/types\/post"}],"author":[{"embeddable":true,"href":"https:\/\/periodicolarepublica.com\/index.php\/wp-json\/wp\/v2\/users\/6"}],"replies":[{"embeddable":true,"href":"https:\/\/periodicolarepublica.com\/index.php\/wp-json\/wp\/v2\/comments?post=4388"}],"version-history":[{"count":1,"href":"https:\/\/periodicolarepublica.com\/index.php\/wp-json\/wp\/v2\/posts\/4388\/revisions"}],"predecessor-version":[{"id":4390,"href":"https:\/\/periodicolarepublica.com\/index.php\/wp-json\/wp\/v2\/posts\/4388\/revisions\/4390"}],"wp:featuredmedia":[{"embeddable":true,"href":"https:\/\/periodicolarepublica.com\/index.php\/wp-json\/wp\/v2\/media\/4389"}],"wp:attachment":[{"href":"https:\/\/periodicolarepublica.com\/index.php\/wp-json\/wp\/v2\/media?parent=4388"}],"wp:term":[{"taxonomy":"category","embeddable":true,"href":"https:\/\/periodicolarepublica.com\/index.php\/wp-json\/wp\/v2\/categories?post=4388"},{"taxonomy":"post_tag","embeddable":true,"href":"https:\/\/periodicolarepublica.com\/index.php\/wp-json\/wp\/v2\/tags?post=4388"}],"curies":[{"name":"wp","href":"https:\/\/api.w.org\/{rel}","templated":true}]}}