{"id":439,"date":"2024-03-04T15:55:13","date_gmt":"2024-03-04T14:55:13","guid":{"rendered":"https:\/\/periodicolarepublica.com\/?p=439"},"modified":"2024-03-04T15:55:13","modified_gmt":"2024-03-04T14:55:13","slug":"arajet-anuncio-en-anato-aumento-de-frecuencias-de-sus-vuelos","status":"publish","type":"post","link":"https:\/\/periodicolarepublica.com\/index.php\/2024\/03\/04\/arajet-anuncio-en-anato-aumento-de-frecuencias-de-sus-vuelos\/","title":{"rendered":"ARAJET anunci\u00f3 en ANATO aumento de frecuencias de sus vuelos"},"content":{"rendered":"<p><img loading=\"lazy\" decoding=\"async\" class=\"alignnone size-medium wp-image-438\" src=\"https:\/\/periodicolarepublica.com\/wp-content\/uploads\/2024\/03\/Picsart_24-03-04_10-40-58-855-300x158.jpg\" alt=\"\" width=\"300\" height=\"158\" srcset=\"https:\/\/periodicolarepublica.com\/wp-content\/uploads\/2024\/03\/Picsart_24-03-04_10-40-58-855-300x158.jpg?v=1715379812 300w, https:\/\/periodicolarepublica.com\/wp-content\/uploads\/2024\/03\/Picsart_24-03-04_10-40-58-855-1024x538.jpg?v=1715379812 1024w, https:\/\/periodicolarepublica.com\/wp-content\/uploads\/2024\/03\/Picsart_24-03-04_10-40-58-855-768x403.jpg?v=1715379812 768w, https:\/\/periodicolarepublica.com\/wp-content\/uploads\/2024\/03\/Picsart_24-03-04_10-40-58-855-1536x807.jpg?v=1715379812 1536w, https:\/\/periodicolarepublica.com\/wp-content\/uploads\/2024\/03\/Picsart_24-03-04_10-40-58-855-2048x1075.jpg?v=1715379812 2048w, https:\/\/periodicolarepublica.com\/wp-content\/uploads\/2024\/03\/Picsart_24-03-04_10-40-58-855-150x79.jpg?v=1715379812 150w, https:\/\/periodicolarepublica.com\/wp-content\/uploads\/2024\/03\/Picsart_24-03-04_10-40-58-855-600x315.jpg?v=1715379812 600w, https:\/\/periodicolarepublica.com\/wp-content\/uploads\/2024\/03\/Picsart_24-03-04_10-40-58-855-696x365.jpg?v=1715379812 696w, https:\/\/periodicolarepublica.com\/wp-content\/uploads\/2024\/03\/Picsart_24-03-04_10-40-58-855-1392x731.jpg?v=1715379812 1392w, https:\/\/periodicolarepublica.com\/wp-content\/uploads\/2024\/03\/Picsart_24-03-04_10-40-58-855-1068x561.jpg?v=1715379812 1068w, https:\/\/periodicolarepublica.com\/wp-content\/uploads\/2024\/03\/Picsart_24-03-04_10-40-58-855-1920x1008.jpg?v=1715379812 1920w\" sizes=\"auto, (max-width: 300px) 100vw, 300px\" \/><\/p>\n<p>Durante la feria tur\u00edstica Anato 2024, Arajet sigue creciendo, asi lo anunci\u00f3 en la feria de ANATO en Bogot\u00e1 , Colombia, teniendo como portavoz a Manuel Luna su director de Comunicaciones, cuando le dio detalles que aumentar\u00e1n las frecuencias desde Santo Domingo a Medell\u00edn, Bogot\u00e1 y tambien Cartagena.<\/p>\n<p>Luna, tambien explic\u00f3 sobre el impacto positivo que ha tenido Arajet para la conexi\u00f3n de Colombia y Rep\u00fablica Dominicana, la importancia para la industria tur\u00edstica, dando detalle de un aumento de un 22% de su frecuencia actual.<\/p>\n<p>El director de Comunicaciones de Arajet, di\u00f3 estas palabras en una entrevista por parte de la Rep\u00fablica TV, quien realizaba la cobertura junto a los demas miembros del equipo, transmitiendo para el programa y conjuntamente para El Nuevo Diario.<\/p>\n","protected":false},"excerpt":{"rendered":"<p>Durante la feria tur\u00edstica Anato 2024, Arajet sigue creciendo, asi lo anunci\u00f3 en la feria de ANATO en Bogot\u00e1 , Colombia, teniendo como portavoz a Manuel Luna su director de Comunicaciones, cuando le dio detalles que aumentar\u00e1n las frecuencias desde Santo Domingo a Medell\u00edn, Bogot\u00e1 y tambien Cartagena. Luna, tambien explic\u00f3 sobre el impacto positivo [&hellip;]<\/p>\n","protected":false},"author":1,"featured_media":438,"comment_status":"open","ping_status":"open","sticky":false,"template":"","format":"standard","meta":{"om_disable_all_campaigns":false,"_monsterinsights_skip_tracking":false,"_monsterinsights_sitenote_active":false,"_monsterinsights_sitenote_note":"","_monsterinsights_sitenote_category":0,"footnotes":""},"categories":[20],"tags":[104],"class_list":{"0":"post-439","1":"post","2":"type-post","3":"status-publish","4":"format-standard","5":"has-post-thumbnail","7":"category-turismo","8":"tag-arajet"},"aioseo_notices":[],"_links":{"self":[{"href":"https:\/\/periodicolarepublica.com\/index.php\/wp-json\/wp\/v2\/posts\/439","targetHints":{"allow":["GET"]}}],"collection":[{"href":"https:\/\/periodicolarepublica.com\/index.php\/wp-json\/wp\/v2\/posts"}],"about":[{"href":"https:\/\/periodicolarepublica.com\/index.php\/wp-json\/wp\/v2\/types\/post"}],"author":[{"embeddable":true,"href":"https:\/\/periodicolarepublica.com\/index.php\/wp-json\/wp\/v2\/users\/1"}],"replies":[{"embeddable":true,"href":"https:\/\/periodicolarepublica.com\/index.php\/wp-json\/wp\/v2\/comments?post=439"}],"version-history":[{"count":1,"href":"https:\/\/periodicolarepublica.com\/index.php\/wp-json\/wp\/v2\/posts\/439\/revisions"}],"predecessor-version":[{"id":440,"href":"https:\/\/periodicolarepublica.com\/index.php\/wp-json\/wp\/v2\/posts\/439\/revisions\/440"}],"wp:featuredmedia":[{"embeddable":true,"href":"https:\/\/periodicolarepublica.com\/index.php\/wp-json\/wp\/v2\/media\/438"}],"wp:attachment":[{"href":"https:\/\/periodicolarepublica.com\/index.php\/wp-json\/wp\/v2\/media?parent=439"}],"wp:term":[{"taxonomy":"category","embeddable":true,"href":"https:\/\/periodicolarepublica.com\/index.php\/wp-json\/wp\/v2\/categories?post=439"},{"taxonomy":"post_tag","embeddable":true,"href":"https:\/\/periodicolarepublica.com\/index.php\/wp-json\/wp\/v2\/tags?post=439"}],"curies":[{"name":"wp","href":"https:\/\/api.w.org\/{rel}","templated":true}]}}