{"id":4391,"date":"2025-11-23T10:13:02","date_gmt":"2025-11-23T14:13:02","guid":{"rendered":"https:\/\/periodicolarepublica.com\/?p=4391"},"modified":"2025-11-23T10:13:02","modified_gmt":"2025-11-23T14:13:02","slug":"delegacion-dominicana-de-bomberos-fortalece-cooperacion-internacional-durante-visita-al-nmead-en-puerto-rico","status":"publish","type":"post","link":"https:\/\/periodicolarepublica.com\/index.php\/2025\/11\/23\/delegacion-dominicana-de-bomberos-fortalece-cooperacion-internacional-durante-visita-al-nmead-en-puerto-rico\/","title":{"rendered":"Delegaci\u00f3n dominicana de bomberos fortalece cooperaci\u00f3n internacional durante visita al NMEAD en Puerto Rico"},"content":{"rendered":"<p>En el marco de una agenda de integraci\u00f3n t\u00e9cnica, una comisi\u00f3n dominicana visit\u00f3 el Negociado para el Manejo de Emergencias y Administraci\u00f3n de Desastres (NMEAD) en Puerto Rico, donde fueron recibidos por el Comisionado \u00c1ngel Jim\u00e9nez. Durante el encuentro se abordaron estrategias de respuesta, coordinaci\u00f3n operativa y oportunidades de colaboraci\u00f3n bilateral.<\/p>\n<p>&nbsp;<\/p>\n<p>La comisi\u00f3n fue presidida por el Oficial Superior de bomberos Angel Luis Frometa, quien represent\u00f3 al equipo de respuesta de Rep\u00fablica Dominicana y sostuvo un di\u00e1logo directo con el comisionado sobre iniciativas conjuntas que fortalezcan la preparaci\u00f3n y la interoperabilidad entre ambas naciones.<\/p>\n<p>&nbsp;<\/p>\n<p>Este acercamiento reafirma el compromiso de avanzar hacia una respuesta regional m\u00e1s eficaz, moderna y alineada con los est\u00e1ndares internacionales.<\/p>\n<figure id=\"attachment_4392\" aria-describedby=\"caption-attachment-4392\" style=\"width: 300px\" class=\"wp-caption alignnone\"><img loading=\"lazy\" decoding=\"async\" class=\"size-medium wp-image-4392\" src=\"https:\/\/periodicolarepublica.com\/wp-content\/uploads\/2025\/11\/IMG-20251123-WA0009-scaled-e1763907118221-300x209.jpg\" alt=\"Bomberos Dominicanos\" width=\"300\" height=\"209\" srcset=\"https:\/\/periodicolarepublica.com\/wp-content\/uploads\/2025\/11\/IMG-20251123-WA0009-scaled-e1763907118221-300x209.jpg 300w, https:\/\/periodicolarepublica.com\/wp-content\/uploads\/2025\/11\/IMG-20251123-WA0009-scaled-e1763907118221-1024x715.jpg 1024w, https:\/\/periodicolarepublica.com\/wp-content\/uploads\/2025\/11\/IMG-20251123-WA0009-scaled-e1763907118221-768x536.jpg 768w, https:\/\/periodicolarepublica.com\/wp-content\/uploads\/2025\/11\/IMG-20251123-WA0009-scaled-e1763907118221-150x105.jpg 150w, https:\/\/periodicolarepublica.com\/wp-content\/uploads\/2025\/11\/IMG-20251123-WA0009-scaled-e1763907118221-600x419.jpg 600w, https:\/\/periodicolarepublica.com\/wp-content\/uploads\/2025\/11\/IMG-20251123-WA0009-scaled-e1763907118221-696x486.jpg 696w, https:\/\/periodicolarepublica.com\/wp-content\/uploads\/2025\/11\/IMG-20251123-WA0009-scaled-e1763907118221-1392x971.jpg 1392w, https:\/\/periodicolarepublica.com\/wp-content\/uploads\/2025\/11\/IMG-20251123-WA0009-scaled-e1763907118221-1068x745.jpg 1068w, https:\/\/periodicolarepublica.com\/wp-content\/uploads\/2025\/11\/IMG-20251123-WA0009-scaled-e1763907118221-100x70.jpg 100w, https:\/\/periodicolarepublica.com\/wp-content\/uploads\/2025\/11\/IMG-20251123-WA0009-scaled-e1763907118221-200x140.jpg 200w, https:\/\/periodicolarepublica.com\/wp-content\/uploads\/2025\/11\/IMG-20251123-WA0009-scaled-e1763907118221.jpg 1453w\" sizes=\"auto, (max-width: 300px) 100vw, 300px\" \/><figcaption id=\"caption-attachment-4392\" class=\"wp-caption-text\">Bomberos Dominicanos<\/figcaption><\/figure>\n","protected":false},"excerpt":{"rendered":"<p>En el marco de una agenda de integraci\u00f3n t\u00e9cnica, una comisi\u00f3n dominicana visit\u00f3 el Negociado para el Manejo de Emergencias y Administraci\u00f3n de Desastres (NMEAD) en Puerto Rico, donde fueron recibidos por el Comisionado \u00c1ngel Jim\u00e9nez. Durante el encuentro se abordaron estrategias de respuesta, coordinaci\u00f3n operativa y oportunidades de colaboraci\u00f3n bilateral. &nbsp; La comisi\u00f3n fue [&hellip;]<\/p>\n","protected":false},"author":6,"featured_media":4392,"comment_status":"open","ping_status":"open","sticky":false,"template":"","format":"standard","meta":{"om_disable_all_campaigns":false,"_monsterinsights_skip_tracking":false,"_monsterinsights_sitenote_active":false,"_monsterinsights_sitenote_note":"","_monsterinsights_sitenote_category":0,"footnotes":""},"categories":[1],"tags":[478],"class_list":{"0":"post-4391","1":"post","2":"type-post","3":"status-publish","4":"format-standard","5":"has-post-thumbnail","7":"category-nacionales","8":"tag-bomberos-dominicanos"},"aioseo_notices":[],"_links":{"self":[{"href":"https:\/\/periodicolarepublica.com\/index.php\/wp-json\/wp\/v2\/posts\/4391","targetHints":{"allow":["GET"]}}],"collection":[{"href":"https:\/\/periodicolarepublica.com\/index.php\/wp-json\/wp\/v2\/posts"}],"about":[{"href":"https:\/\/periodicolarepublica.com\/index.php\/wp-json\/wp\/v2\/types\/post"}],"author":[{"embeddable":true,"href":"https:\/\/periodicolarepublica.com\/index.php\/wp-json\/wp\/v2\/users\/6"}],"replies":[{"embeddable":true,"href":"https:\/\/periodicolarepublica.com\/index.php\/wp-json\/wp\/v2\/comments?post=4391"}],"version-history":[{"count":1,"href":"https:\/\/periodicolarepublica.com\/index.php\/wp-json\/wp\/v2\/posts\/4391\/revisions"}],"predecessor-version":[{"id":4393,"href":"https:\/\/periodicolarepublica.com\/index.php\/wp-json\/wp\/v2\/posts\/4391\/revisions\/4393"}],"wp:featuredmedia":[{"embeddable":true,"href":"https:\/\/periodicolarepublica.com\/index.php\/wp-json\/wp\/v2\/media\/4392"}],"wp:attachment":[{"href":"https:\/\/periodicolarepublica.com\/index.php\/wp-json\/wp\/v2\/media?parent=4391"}],"wp:term":[{"taxonomy":"category","embeddable":true,"href":"https:\/\/periodicolarepublica.com\/index.php\/wp-json\/wp\/v2\/categories?post=4391"},{"taxonomy":"post_tag","embeddable":true,"href":"https:\/\/periodicolarepublica.com\/index.php\/wp-json\/wp\/v2\/tags?post=4391"}],"curies":[{"name":"wp","href":"https:\/\/api.w.org\/{rel}","templated":true}]}}