{"id":4394,"date":"2025-11-23T10:22:53","date_gmt":"2025-11-23T14:22:53","guid":{"rendered":"https:\/\/periodicolarepublica.com\/?p=4394"},"modified":"2025-11-23T10:22:53","modified_gmt":"2025-11-23T14:22:53","slug":"aci-lac-valora-participacion-de-rd-en-programas-de-intercambio-y-cooperacion-que-desarrolla","status":"publish","type":"post","link":"https:\/\/periodicolarepublica.com\/index.php\/2025\/11\/23\/aci-lac-valora-participacion-de-rd-en-programas-de-intercambio-y-cooperacion-que-desarrolla\/","title":{"rendered":"ACI-LAC valora participaci\u00f3n de RD en programas de intercambio y cooperaci\u00f3n que desarrolla"},"content":{"rendered":"<p>El Consejo Internacional de Aeropuertos para Am\u00e9rica Latina y El Caribe (ACI-LAC), valor\u00f3 positivamente la participaci\u00f3n del Departamento Aeroportuario en los diferentes eventos de intercambios con los principales aeropuertos del mundo, fortaleciendo as\u00ed la cooperaci\u00f3n y el acceso a valiosas informaciones y capacitaciones para el sector.<\/p>\n<p>&nbsp;<\/p>\n<p>As\u00ed lo indic\u00f3 Rafael Echevarne, director general de ACI-LAC, al encabezar el tour de estudios que realiza cada a\u00f1o el organismo internacional, esta vez realizado en los aeropuertos Changi, de la Rep\u00fablica de Singapur, y Kuala Lumpur, en Malasia.<\/p>\n<p>La nfraestructura de los aeropuertos internacionales Changi, en Singapur, un aeropuerto operado completamente por el estado, y que ha sido premiado en varias ocasiones como el mejor aeropuerto del mundo, por la experiencia que ofrece al pasajero.<\/p>\n<p>&nbsp;<\/p>\n<p>Mientras, el Aeropuerto Internacional Kuala Lumpur en Malasia, es un aeropuerto privado, y es el principal hub de conexi\u00f3n del sudeste asi\u00e1tico.<\/p>\n<p>&nbsp;<\/p>\n<p>En este intercambio tambi\u00e9n participan activamente representantes aeroportuarios de Colombia, M\u00e9xico, Puerto Rico, Venezuela, Turcos y Caicos y Guyana.<\/p>\n<p><img loading=\"lazy\" decoding=\"async\" class=\"alignnone size-medium wp-image-4395\" src=\"https:\/\/periodicolarepublica.com\/wp-content\/uploads\/2025\/11\/IMG-20251123-WA0004-scaled-e1763907713224-297x300.jpg\" alt=\"\" width=\"297\" height=\"300\" srcset=\"https:\/\/periodicolarepublica.com\/wp-content\/uploads\/2025\/11\/IMG-20251123-WA0004-scaled-e1763907713224-297x300.jpg 297w, https:\/\/periodicolarepublica.com\/wp-content\/uploads\/2025\/11\/IMG-20251123-WA0004-scaled-e1763907713224-768x776.jpg 768w, https:\/\/periodicolarepublica.com\/wp-content\/uploads\/2025\/11\/IMG-20251123-WA0004-scaled-e1763907713224-150x151.jpg 150w, https:\/\/periodicolarepublica.com\/wp-content\/uploads\/2025\/11\/IMG-20251123-WA0004-scaled-e1763907713224-300x303.jpg 300w, https:\/\/periodicolarepublica.com\/wp-content\/uploads\/2025\/11\/IMG-20251123-WA0004-scaled-e1763907713224-600x606.jpg 600w, https:\/\/periodicolarepublica.com\/wp-content\/uploads\/2025\/11\/IMG-20251123-WA0004-scaled-e1763907713224-696x703.jpg 696w, https:\/\/periodicolarepublica.com\/wp-content\/uploads\/2025\/11\/IMG-20251123-WA0004-scaled-e1763907713224.jpg 806w\" sizes=\"auto, (max-width: 297px) 100vw, 297px\" \/><\/p>\n","protected":false},"excerpt":{"rendered":"<p>El Consejo Internacional de Aeropuertos para Am\u00e9rica Latina y El Caribe (ACI-LAC), valor\u00f3 positivamente la participaci\u00f3n del Departamento Aeroportuario en los diferentes eventos de intercambios con los principales aeropuertos del mundo, fortaleciendo as\u00ed la cooperaci\u00f3n y el acceso a valiosas informaciones y capacitaciones para el sector. &nbsp; As\u00ed lo indic\u00f3 Rafael Echevarne, director general de [&hellip;]<\/p>\n","protected":false},"author":6,"featured_media":4395,"comment_status":"open","ping_status":"open","sticky":false,"template":"","format":"standard","meta":{"om_disable_all_campaigns":false,"_monsterinsights_skip_tracking":false,"_monsterinsights_sitenote_active":false,"_monsterinsights_sitenote_note":"","_monsterinsights_sitenote_category":0,"footnotes":""},"categories":[1],"tags":[468],"class_list":{"0":"post-4394","1":"post","2":"type-post","3":"status-publish","4":"format-standard","5":"has-post-thumbnail","7":"category-nacionales","8":"tag-victor-pichardo"},"aioseo_notices":[],"_links":{"self":[{"href":"https:\/\/periodicolarepublica.com\/index.php\/wp-json\/wp\/v2\/posts\/4394","targetHints":{"allow":["GET"]}}],"collection":[{"href":"https:\/\/periodicolarepublica.com\/index.php\/wp-json\/wp\/v2\/posts"}],"about":[{"href":"https:\/\/periodicolarepublica.com\/index.php\/wp-json\/wp\/v2\/types\/post"}],"author":[{"embeddable":true,"href":"https:\/\/periodicolarepublica.com\/index.php\/wp-json\/wp\/v2\/users\/6"}],"replies":[{"embeddable":true,"href":"https:\/\/periodicolarepublica.com\/index.php\/wp-json\/wp\/v2\/comments?post=4394"}],"version-history":[{"count":1,"href":"https:\/\/periodicolarepublica.com\/index.php\/wp-json\/wp\/v2\/posts\/4394\/revisions"}],"predecessor-version":[{"id":4396,"href":"https:\/\/periodicolarepublica.com\/index.php\/wp-json\/wp\/v2\/posts\/4394\/revisions\/4396"}],"wp:featuredmedia":[{"embeddable":true,"href":"https:\/\/periodicolarepublica.com\/index.php\/wp-json\/wp\/v2\/media\/4395"}],"wp:attachment":[{"href":"https:\/\/periodicolarepublica.com\/index.php\/wp-json\/wp\/v2\/media?parent=4394"}],"wp:term":[{"taxonomy":"category","embeddable":true,"href":"https:\/\/periodicolarepublica.com\/index.php\/wp-json\/wp\/v2\/categories?post=4394"},{"taxonomy":"post_tag","embeddable":true,"href":"https:\/\/periodicolarepublica.com\/index.php\/wp-json\/wp\/v2\/tags?post=4394"}],"curies":[{"name":"wp","href":"https:\/\/api.w.org\/{rel}","templated":true}]}}