{"id":4401,"date":"2025-11-23T10:35:58","date_gmt":"2025-11-23T14:35:58","guid":{"rendered":"https:\/\/periodicolarepublica.com\/?p=4401"},"modified":"2025-11-23T10:35:58","modified_gmt":"2025-11-23T14:35:58","slug":"ministro-joel-santos-anuncia-mineros-de-larimar-ya-cuentan-con-seguro-de-vida-colectivo","status":"publish","type":"post","link":"https:\/\/periodicolarepublica.com\/index.php\/2025\/11\/23\/ministro-joel-santos-anuncia-mineros-de-larimar-ya-cuentan-con-seguro-de-vida-colectivo\/","title":{"rendered":"Ministro Joel Santos anuncia mineros de larimar ya cuentan con seguro de vida colectivo"},"content":{"rendered":"<p>El titular de Energ\u00eda y Minas destac\u00f3 avances sin precedentes en protecci\u00f3n social, seguridad, exportaciones y formalizaci\u00f3n del sector durante la celebraci\u00f3n del D\u00eda Nacional del Larimar<\/p>\n<p>*BARAHONA.* Los mineros artesanales de larimar cuentan, por primera vez, con un seguro de vida colectivo, un logro sin precedentes a nivel mundial y que marca un antes y un despu\u00e9s en la protecci\u00f3n social del trabajo minero en el distrito municipal Bahoruco.<\/p>\n<p>El anuncio fue realizado por el ministro de Energ\u00eda y Minas, Joel Santos, durante el acto oficial del D\u00eda Nacional del Larimar, celebrado este s\u00e1bado en la comunidad de Bahoruco, municipio La Ci\u00e9naga.<\/p>\n<p>Santos explic\u00f3 que esa conquista hist\u00f3rica es producto de un esfuerzo conjunto entre el Ministerio de Energ\u00eda y Minas, la propia comunidad minera y Umbrella Corredores de Seguros, lo que permitir\u00e1 garantizar respaldo econ\u00f3mico a las familias en caso de accidentes fatales o situaciones de riesgo inherentes a la labor minera.<\/p>\n<p>\u201cHoy, el minero del larimar est\u00e1 m\u00e1s protegido que nunca\u201d, afirm\u00f3 el ministro, al resaltar que se trata del primer seguro de vida colectivo para mineros artesanales en el mundo.<\/p>\n<p>Adem\u00e1s del seguro, el ministro Santos enumer\u00f3 importantes logros alcanzados durante el \u00faltimo a\u00f1o, al se\u00f1alar que el sector vive una transformaci\u00f3n \u201csin precedentes\u201d tanto en la mina como en la cadena de valor.<\/p>\n<p>Cit\u00f3 la triplicaci\u00f3n de permisos de exportaci\u00f3n, al precisar que los permisos de exportaci\u00f3n pasaron de 95,480 libras en 2024 a 291,340 en 2025, indicador que refleja mayor formalidad, trazabilidad y control sobre el comercio del mineral.<\/p>\n<p>&nbsp;<\/p>\n<p>Detall\u00f3 que el larimar ahora tiene presencia en los mercados de Asia, Europa y Am\u00e9rica, por lo que se ha incrementado el inter\u00e9s, fortaleciendo la presencia internacional del larimar dominicano.<\/p>\n<p>*Primera brigada de respuesta a emergencias*<\/p>\n<p>El ministro Santos dijo que un grupo de 28 mineros complet\u00f3 una capacitaci\u00f3n especializada en gesti\u00f3n de riesgos y rescate, convirti\u00e9ndose en la primera brigada comunitaria preparada para actuar ante emergencias dentro de la mina.<\/p>\n<p>Asimismo, explic\u00f3 que el Ministerio de Energ\u00eda y Minas concluy\u00f3 obras esperadas por los mineros durante d\u00e9cadas, tales como cocinas y comedores, ba\u00f1os, oficinas t\u00e9cnicas, destacamento militar, as\u00ed como un port\u00f3n de control y garita.<\/p>\n<p>\u201cEstas mejoras han elevado los est\u00e1ndares de seguridad, orden y bienestar en el entorno laboral\u201d, precis\u00f3.<\/p>\n<p>Otro anuncio realizado por el ministro Santos, fue el de la puesta en funcionamiento de la Unidad de Atenci\u00f3n Primaria (UNAP) instalada en la mina, para ofrecer servicios m\u00e9dicos b\u00e1sicos a los mineros y comunidades cercanas, reduciendo tiempos de respuesta y fortaleciendo la prevenci\u00f3n en salud.<\/p>\n<p>Explic\u00f3 que la UNAP es hoy una realidad, gracias a un acuerdo entre el Ministerio de Energ\u00eda y Minas con el Servicio Nacional de Salud (SNS).<\/p>\n<p>*Primeras certificaciones internacionales*<\/p>\n<p>Uno de los logros m\u00e1s celebrados fue la inscripci\u00f3n internacional de la Denominaci\u00f3n de Origen \u201cLarimar Barahona\u201d, reconocida por la Organizaci\u00f3n Mundial de la Propiedad Intelectual (OMPI), bajo el Arreglo de Lisboa.<\/p>\n<p>Santos destac\u00f3 el papel fundamental de la Oficina Nacional de la Propiedad Industrial (Onapi) y de su director, Salvador Ramos, cuya labor t\u00e9cnica y jur\u00eddica permiti\u00f3 que el larimar cuente hoy con una protecci\u00f3n de prestigio global.<\/p>\n<p>Durante el acto se entregaron los primeros certificados de origen a las dise\u00f1adoras F\u00e1tima Polanco, M\u00f3nica Valera y Gisselle Mancebo, fortaleciendo la trazabilidad del producto final.<\/p>\n<p>*Planes para 2026*<\/p>\n<p>El ministro anunci\u00f3 cuatro ejes clave para continuar fortaleciendo el sector el pr\u00f3ximo a\u00f1o: Modelamiento 3D de la mina para mejorar la seguridad y planificaci\u00f3n de la extracci\u00f3n, formalizaci\u00f3n integral del comercio, apoyada en la Denominaci\u00f3n de Origen, estudio gemol\u00f3gico completo que definir\u00e1 est\u00e1ndares internacionales del larimar y ferias peri\u00f3dicas de venta directa entre mineros y artesanos, para garantizar precios justos y dinamizar la econom\u00eda local.<\/p>\n<p>Durante la jornada se desarroll\u00f3 el panel \u201cArtesanos y Mineros\u201d, moderado por la directora de Promoci\u00f3n Minera de Energ\u00eda y Minas, Golye Latouffe y se reconoci\u00f3 el trabajo de Emmanuel G\u00f3mez, Gabriel Feliz y C\u00e9sar Feliz, l\u00edderes comunitarios y artesanos que han impulsado la profesionalizaci\u00f3n del sector.<\/p>\n<p>La actividad cont\u00f3 con el respaldo de instituciones como los ministerios de Turismo, Cultura, Medio Ambiente, Infotep, ProDominicana, Promipyme, y la Direcci\u00f3n General de Miner\u00eda.<\/p>\n<p>Incluy\u00f3, adem\u00e1s, un bazar artesanal, presentaciones culturales, charlas formativas y visitas guiadas a la Escuela Taller Larimar, donde el Infotep ha formado a m\u00e1s de 1,000 artesanos y joyeros, el 40% de ellos mujeres.<\/p>\n<figure id=\"attachment_4402\" aria-describedby=\"caption-attachment-4402\" style=\"width: 280px\" class=\"wp-caption alignnone\"><img loading=\"lazy\" decoding=\"async\" class=\"wp-image-4402 size-medium\" src=\"https:\/\/periodicolarepublica.com\/wp-content\/uploads\/2025\/11\/IMG-20251123-WA0015-scaled-e1763908445786-280x300.jpg\" alt=\"Larimar\" width=\"280\" height=\"300\" srcset=\"https:\/\/periodicolarepublica.com\/wp-content\/uploads\/2025\/11\/IMG-20251123-WA0015-scaled-e1763908445786-280x300.jpg 280w, https:\/\/periodicolarepublica.com\/wp-content\/uploads\/2025\/11\/IMG-20251123-WA0015-scaled-e1763908445786-150x161.jpg 150w, https:\/\/periodicolarepublica.com\/wp-content\/uploads\/2025\/11\/IMG-20251123-WA0015-scaled-e1763908445786-300x321.jpg 300w, https:\/\/periodicolarepublica.com\/wp-content\/uploads\/2025\/11\/IMG-20251123-WA0015-scaled-e1763908445786.jpg 542w\" sizes=\"auto, (max-width: 280px) 100vw, 280px\" \/><figcaption id=\"caption-attachment-4402\" class=\"wp-caption-text\">Larimar<\/figcaption><\/figure>\n<p>&nbsp;<\/p>\n","protected":false},"excerpt":{"rendered":"<p>El titular de Energ\u00eda y Minas destac\u00f3 avances sin precedentes en protecci\u00f3n social, seguridad, exportaciones y formalizaci\u00f3n del sector durante la celebraci\u00f3n del D\u00eda Nacional del Larimar *BARAHONA.* Los mineros artesanales de larimar cuentan, por primera vez, con un seguro de vida colectivo, un logro sin precedentes a nivel mundial y que marca un antes [&hellip;]<\/p>\n","protected":false},"author":1,"featured_media":4402,"comment_status":"open","ping_status":"open","sticky":false,"template":"","format":"standard","meta":{"om_disable_all_campaigns":false,"_monsterinsights_skip_tracking":false,"_monsterinsights_sitenote_active":false,"_monsterinsights_sitenote_note":"","_monsterinsights_sitenote_category":0,"footnotes":""},"categories":[1],"tags":[256,294,479],"class_list":{"0":"post-4401","1":"post","2":"type-post","3":"status-publish","4":"format-standard","5":"has-post-thumbnail","7":"category-nacionales","8":"tag-bahoruco","9":"tag-joel-santos","10":"tag-larimar"},"aioseo_notices":[],"_links":{"self":[{"href":"https:\/\/periodicolarepublica.com\/index.php\/wp-json\/wp\/v2\/posts\/4401","targetHints":{"allow":["GET"]}}],"collection":[{"href":"https:\/\/periodicolarepublica.com\/index.php\/wp-json\/wp\/v2\/posts"}],"about":[{"href":"https:\/\/periodicolarepublica.com\/index.php\/wp-json\/wp\/v2\/types\/post"}],"author":[{"embeddable":true,"href":"https:\/\/periodicolarepublica.com\/index.php\/wp-json\/wp\/v2\/users\/1"}],"replies":[{"embeddable":true,"href":"https:\/\/periodicolarepublica.com\/index.php\/wp-json\/wp\/v2\/comments?post=4401"}],"version-history":[{"count":1,"href":"https:\/\/periodicolarepublica.com\/index.php\/wp-json\/wp\/v2\/posts\/4401\/revisions"}],"predecessor-version":[{"id":4403,"href":"https:\/\/periodicolarepublica.com\/index.php\/wp-json\/wp\/v2\/posts\/4401\/revisions\/4403"}],"wp:featuredmedia":[{"embeddable":true,"href":"https:\/\/periodicolarepublica.com\/index.php\/wp-json\/wp\/v2\/media\/4402"}],"wp:attachment":[{"href":"https:\/\/periodicolarepublica.com\/index.php\/wp-json\/wp\/v2\/media?parent=4401"}],"wp:term":[{"taxonomy":"category","embeddable":true,"href":"https:\/\/periodicolarepublica.com\/index.php\/wp-json\/wp\/v2\/categories?post=4401"},{"taxonomy":"post_tag","embeddable":true,"href":"https:\/\/periodicolarepublica.com\/index.php\/wp-json\/wp\/v2\/tags?post=4401"}],"curies":[{"name":"wp","href":"https:\/\/api.w.org\/{rel}","templated":true}]}}