{"id":4404,"date":"2025-11-23T10:43:56","date_gmt":"2025-11-23T14:43:56","guid":{"rendered":"https:\/\/periodicolarepublica.com\/?p=4404"},"modified":"2025-11-23T10:43:56","modified_gmt":"2025-11-23T14:43:56","slug":"ceo-de-arajet-recibe-las-llaves-de-la-ciudad-de-cambridge-en-ceremonia-por-el-inicio-de-operaciones-hacia-massachusets","status":"publish","type":"post","link":"https:\/\/periodicolarepublica.com\/index.php\/2025\/11\/23\/ceo-de-arajet-recibe-las-llaves-de-la-ciudad-de-cambridge-en-ceremonia-por-el-inicio-de-operaciones-hacia-massachusets\/","title":{"rendered":"CEO de Arajet recibe las llaves de la ciudad de Cambridge en ceremonia por el inicio de operaciones hacia Massachusets"},"content":{"rendered":"<p>La alcaldesa de Cambridge, Massachusetts, Denise Simmons, entreg\u00f3 las llaves de la ciudad al CEO de Arajet, V\u00edctor Pacheco M\u00e9ndez, durante un evento en el que se celebr\u00f3 el inicio de operaciones de la aerol\u00ednea hacia la ciudad de Boston para servir a toda el \u00e1rea de Nueva Inglaterra.<\/p>\n<p>Al otorgar la alta distinci\u00f3n, la alcaldesa Simmons expres\u00f3 \u201cMe siento llena de entusiasmo de poder reconocer el fruto de la ardua labor de Victor Pacheco y todo su equipo. Estoy segura de que la comunidad dominicana en Cambridge y toda Nueva Inglaterra, comparte este sentimiento de orgullo que hoy todos han manifestado.\u201d.<\/p>\n<p>Por su parte, Pacheco M\u00e9ndez comparti\u00f3 unas emotivas palabras en las que estableci\u00f3 que \u201cRecibir las llaves de Cambridge es un honor que compartimos con cada dominicano y con todos los ciudadanos de Nueva Inglaterra. En Arajet venimos a quedarnos, a conectar familias, negocios y sue\u00f1os con un servicio seguro, accesible y confiable. Reafirmamos nuestro compromiso de servir a esta regi\u00f3n con la puntualidad y calidez que nos caracterizan.\u201d.<\/p>\n<p>A la ceremonia, asistieron representantes del Estado de Massachusetts y autoridades locales de comunidades vecinas como Lawrence, Rhode Island y Lynn, entre otros invitados especiales del \u00e1mbito empresarial y comunitario. Tambi\u00e9n cont\u00f3 con la presencia de funcionarios dominicanos, entre ellos el C\u00f3nsul General de la Rep\u00fablica Dominicana en Boston, Antonio Almonte, quien al dirigirse a los presentes destac\u00f3: \u201cEsta nueva conexi\u00f3n fortalece los lazos entre la Rep\u00fablica Dominicana y Nueva Inglaterra, facilita el intercambio cultural y econ\u00f3mico, y brinda mejores oportunidades para nuestra di\u00e1spora y para todos los viajeros de la regi\u00f3n.\u201d<\/p>\n<p><img loading=\"lazy\" decoding=\"async\" class=\"alignnone size-medium wp-image-4405\" src=\"https:\/\/periodicolarepublica.com\/wp-content\/uploads\/2025\/11\/Denise-Simmons-y-Victor-Pacheco-scaled-e1763908967942-300x246.jpg\" alt=\"\" width=\"300\" height=\"246\" srcset=\"https:\/\/periodicolarepublica.com\/wp-content\/uploads\/2025\/11\/Denise-Simmons-y-Victor-Pacheco-scaled-e1763908967942-300x246.jpg 300w, https:\/\/periodicolarepublica.com\/wp-content\/uploads\/2025\/11\/Denise-Simmons-y-Victor-Pacheco-scaled-e1763908967942-1024x838.jpg 1024w, https:\/\/periodicolarepublica.com\/wp-content\/uploads\/2025\/11\/Denise-Simmons-y-Victor-Pacheco-scaled-e1763908967942-768x629.jpg 768w, https:\/\/periodicolarepublica.com\/wp-content\/uploads\/2025\/11\/Denise-Simmons-y-Victor-Pacheco-scaled-e1763908967942-150x123.jpg 150w, https:\/\/periodicolarepublica.com\/wp-content\/uploads\/2025\/11\/Denise-Simmons-y-Victor-Pacheco-scaled-e1763908967942-600x491.jpg 600w, https:\/\/periodicolarepublica.com\/wp-content\/uploads\/2025\/11\/Denise-Simmons-y-Victor-Pacheco-scaled-e1763908967942-696x570.jpg 696w, https:\/\/periodicolarepublica.com\/wp-content\/uploads\/2025\/11\/Denise-Simmons-y-Victor-Pacheco-scaled-e1763908967942-1392x1139.jpg 1392w, https:\/\/periodicolarepublica.com\/wp-content\/uploads\/2025\/11\/Denise-Simmons-y-Victor-Pacheco-scaled-e1763908967942-1068x874.jpg 1068w, https:\/\/periodicolarepublica.com\/wp-content\/uploads\/2025\/11\/Denise-Simmons-y-Victor-Pacheco-scaled-e1763908967942.jpg 1405w\" sizes=\"auto, (max-width: 300px) 100vw, 300px\" \/><\/p>\n","protected":false},"excerpt":{"rendered":"<p>La alcaldesa de Cambridge, Massachusetts, Denise Simmons, entreg\u00f3 las llaves de la ciudad al CEO de Arajet, V\u00edctor Pacheco M\u00e9ndez, durante un evento en el que se celebr\u00f3 el inicio de operaciones de la aerol\u00ednea hacia la ciudad de Boston para servir a toda el \u00e1rea de Nueva Inglaterra. Al otorgar la alta distinci\u00f3n, la [&hellip;]<\/p>\n","protected":false},"author":6,"featured_media":4405,"comment_status":"open","ping_status":"open","sticky":false,"template":"","format":"standard","meta":{"om_disable_all_campaigns":false,"_monsterinsights_skip_tracking":false,"_monsterinsights_sitenote_active":false,"_monsterinsights_sitenote_note":"","_monsterinsights_sitenote_category":0,"footnotes":""},"categories":[1],"tags":[435,288],"class_list":{"0":"post-4404","1":"post","2":"type-post","3":"status-publish","4":"format-standard","5":"has-post-thumbnail","7":"category-nacionales","8":"tag-arajet-airlines","9":"tag-arajet-com"},"aioseo_notices":[],"_links":{"self":[{"href":"https:\/\/periodicolarepublica.com\/index.php\/wp-json\/wp\/v2\/posts\/4404","targetHints":{"allow":["GET"]}}],"collection":[{"href":"https:\/\/periodicolarepublica.com\/index.php\/wp-json\/wp\/v2\/posts"}],"about":[{"href":"https:\/\/periodicolarepublica.com\/index.php\/wp-json\/wp\/v2\/types\/post"}],"author":[{"embeddable":true,"href":"https:\/\/periodicolarepublica.com\/index.php\/wp-json\/wp\/v2\/users\/6"}],"replies":[{"embeddable":true,"href":"https:\/\/periodicolarepublica.com\/index.php\/wp-json\/wp\/v2\/comments?post=4404"}],"version-history":[{"count":1,"href":"https:\/\/periodicolarepublica.com\/index.php\/wp-json\/wp\/v2\/posts\/4404\/revisions"}],"predecessor-version":[{"id":4406,"href":"https:\/\/periodicolarepublica.com\/index.php\/wp-json\/wp\/v2\/posts\/4404\/revisions\/4406"}],"wp:featuredmedia":[{"embeddable":true,"href":"https:\/\/periodicolarepublica.com\/index.php\/wp-json\/wp\/v2\/media\/4405"}],"wp:attachment":[{"href":"https:\/\/periodicolarepublica.com\/index.php\/wp-json\/wp\/v2\/media?parent=4404"}],"wp:term":[{"taxonomy":"category","embeddable":true,"href":"https:\/\/periodicolarepublica.com\/index.php\/wp-json\/wp\/v2\/categories?post=4404"},{"taxonomy":"post_tag","embeddable":true,"href":"https:\/\/periodicolarepublica.com\/index.php\/wp-json\/wp\/v2\/tags?post=4404"}],"curies":[{"name":"wp","href":"https:\/\/api.w.org\/{rel}","templated":true}]}}