{"id":4407,"date":"2025-11-23T14:14:52","date_gmt":"2025-11-23T18:14:52","guid":{"rendered":"https:\/\/periodicolarepublica.com\/?p=4407"},"modified":"2025-11-23T14:14:52","modified_gmt":"2025-11-23T18:14:52","slug":"eco5rd-continua-la-ruta-de-la-limpieza-navidena-en-higuey-y-la-region-este","status":"publish","type":"post","link":"https:\/\/periodicolarepublica.com\/index.php\/2025\/11\/23\/eco5rd-continua-la-ruta-de-la-limpieza-navidena-en-higuey-y-la-region-este\/","title":{"rendered":"Eco5RD contin\u00faa la Ruta de la Limpieza Navide\u00f1a en Hig\u00fcey y la regi\u00f3n Este"},"content":{"rendered":"<p><img loading=\"lazy\" decoding=\"async\" class=\"alignnone size-medium wp-image-4408\" src=\"https:\/\/periodicolarepublica.com\/wp-content\/uploads\/2025\/11\/IMG-20251123-WA0138-e1763921680510-300x216.jpg\" alt=\"\" width=\"300\" height=\"216\" srcset=\"https:\/\/periodicolarepublica.com\/wp-content\/uploads\/2025\/11\/IMG-20251123-WA0138-e1763921680510-300x216.jpg?v=1763921626 300w, https:\/\/periodicolarepublica.com\/wp-content\/uploads\/2025\/11\/IMG-20251123-WA0138-e1763921680510-150x108.jpg?v=1763921626 150w, https:\/\/periodicolarepublica.com\/wp-content\/uploads\/2025\/11\/IMG-20251123-WA0138-e1763921680510-600x431.jpg?v=1763921626 600w, https:\/\/periodicolarepublica.com\/wp-content\/uploads\/2025\/11\/IMG-20251123-WA0138-e1763921680510.jpg?v=1763921626 640w\" sizes=\"auto, (max-width: 300px) 100vw, 300px\" \/>Hig\u00fcey, La Altagracia, RD. En el marco del desarrollo del programa \u201cGobierno Contigo\u201d en este municipio, la Unidad Ejecutora de la Presidencia, Eco5RD, dej\u00f3 implementada para la regi\u00f3n Este la \u201cRuta de la Limpieza Navide\u00f1a\u201d, con el prop\u00f3sito de apoyar a las alcald\u00edas de esta zona del pa\u00eds.<\/p>\n<p>&nbsp;<\/p>\n<p>El director ejecutivo de Eco5RD, Carlos Pellerano, explic\u00f3 que este programa ya est\u00e1 en ejecuci\u00f3n en San Crist\u00f3bal y Los Alcarrizos y en el dia de hoy se incorporan La Romana, Hato Mayor e Higuey .<\/p>\n<p>Esta iniciativa de Eco5RD y la Presidencia de la Republica llega con la intenci\u00f3n de continuar respaldando a los gobiernos locales en esta \u00e9poca tan importante del a\u00f1o.<\/p>\n<p>&nbsp;<\/p>\n<p>Pellerano expres\u00f3: \u201cHist\u00f3ricamente el presidente Luis Abinader es el presidente que m\u00e1s a confiando en el desarrollo de los municipios, por tal raz\u00f3n siempre esta apoyando a los gobiernos locales, y una muestra mas es La Ruta de la Limpieza Navide\u00f1a que estamos implementado en todas las alcald\u00edas del pa\u00eds, sin distinci\u00f3n de partidos pol\u00edticos\u201d, precis\u00f3 el funcionario.<\/p>\n<p>&nbsp;<\/p>\n<p>Esta acci\u00f3n forma parte de un plan continuo que busca mantener los espacios p\u00fablicos en \u00f3ptimas condiciones, promoviendo bienestar, seguridad y una mejor experiencia para los residentes durante la temporada navide\u00f1a.<\/p>\n<p>&nbsp;<\/p>\n<p>El funcionario detall\u00f3 que m\u00e1s de 37 camiones recolectores de residuos s\u00f3lidos estar\u00e1n trabajando en horario nocturno para garantizar el libre tr\u00e1nsito. Resalt\u00f3, adem\u00e1s, que estos camiones est\u00e1n decorados con luces navide\u00f1as y que el personal est\u00e1 debidamente uniformado.<\/p>\n<p>&nbsp;<\/p>\n<p>Finalmente, indic\u00f3 que en esta Navidad Hig\u00fcey y toda la regi\u00f3n Este quedar\u00e1n \u201climpiecito, limpiecito\u201d.<\/p>\n<p>&nbsp;<\/p>\n<p>*Autoridades municipales*<\/p>\n<p>&nbsp;<\/p>\n<p>El funcionario estuvo acompa\u00f1ado de la alcaldesa Karina Aristy, as\u00ed como representantes de la sala capitular y miembros de la iglesias Cat\u00f3lica y la sociedad Civil.<\/p>\n","protected":false},"excerpt":{"rendered":"<p>Hig\u00fcey, La Altagracia, RD. En el marco del desarrollo del programa \u201cGobierno Contigo\u201d en este municipio, la Unidad Ejecutora de la Presidencia, Eco5RD, dej\u00f3 implementada para la regi\u00f3n Este la \u201cRuta de la Limpieza Navide\u00f1a\u201d, con el prop\u00f3sito de apoyar a las alcald\u00edas de esta zona del pa\u00eds. &nbsp; El director ejecutivo de Eco5RD, Carlos [&hellip;]<\/p>\n","protected":false},"author":10,"featured_media":4408,"comment_status":"open","ping_status":"open","sticky":false,"template":"","format":"standard","meta":{"om_disable_all_campaigns":false,"_monsterinsights_skip_tracking":false,"_monsterinsights_sitenote_active":false,"_monsterinsights_sitenote_note":"","_monsterinsights_sitenote_category":0,"footnotes":""},"categories":[1],"tags":[],"class_list":{"0":"post-4407","1":"post","2":"type-post","3":"status-publish","4":"format-standard","5":"has-post-thumbnail","7":"category-nacionales"},"aioseo_notices":[],"_links":{"self":[{"href":"https:\/\/periodicolarepublica.com\/index.php\/wp-json\/wp\/v2\/posts\/4407","targetHints":{"allow":["GET"]}}],"collection":[{"href":"https:\/\/periodicolarepublica.com\/index.php\/wp-json\/wp\/v2\/posts"}],"about":[{"href":"https:\/\/periodicolarepublica.com\/index.php\/wp-json\/wp\/v2\/types\/post"}],"author":[{"embeddable":true,"href":"https:\/\/periodicolarepublica.com\/index.php\/wp-json\/wp\/v2\/users\/10"}],"replies":[{"embeddable":true,"href":"https:\/\/periodicolarepublica.com\/index.php\/wp-json\/wp\/v2\/comments?post=4407"}],"version-history":[{"count":1,"href":"https:\/\/periodicolarepublica.com\/index.php\/wp-json\/wp\/v2\/posts\/4407\/revisions"}],"predecessor-version":[{"id":4409,"href":"https:\/\/periodicolarepublica.com\/index.php\/wp-json\/wp\/v2\/posts\/4407\/revisions\/4409"}],"wp:featuredmedia":[{"embeddable":true,"href":"https:\/\/periodicolarepublica.com\/index.php\/wp-json\/wp\/v2\/media\/4408"}],"wp:attachment":[{"href":"https:\/\/periodicolarepublica.com\/index.php\/wp-json\/wp\/v2\/media?parent=4407"}],"wp:term":[{"taxonomy":"category","embeddable":true,"href":"https:\/\/periodicolarepublica.com\/index.php\/wp-json\/wp\/v2\/categories?post=4407"},{"taxonomy":"post_tag","embeddable":true,"href":"https:\/\/periodicolarepublica.com\/index.php\/wp-json\/wp\/v2\/tags?post=4407"}],"curies":[{"name":"wp","href":"https:\/\/api.w.org\/{rel}","templated":true}]}}