{"id":441,"date":"2024-03-04T16:02:37","date_gmt":"2024-03-04T15:02:37","guid":{"rendered":"https:\/\/periodicolarepublica.com\/?p=441"},"modified":"2024-03-04T16:02:37","modified_gmt":"2024-03-04T15:02:37","slug":"celebran-carnaval-del-distrito-nacional-2024-con-exito-mas-de-70-comparsas-en-el-malecon-de-santo-domingo","status":"publish","type":"post","link":"https:\/\/periodicolarepublica.com\/index.php\/2024\/03\/04\/celebran-carnaval-del-distrito-nacional-2024-con-exito-mas-de-70-comparsas-en-el-malecon-de-santo-domingo\/","title":{"rendered":"Celebran Carnaval del Distrito Nacional 2024 con \u00e9xito; m\u00e1s de 70 comparsas en el Malec\u00f3n de Santo Domingo"},"content":{"rendered":"<p><img loading=\"lazy\" decoding=\"async\" class=\"alignnone size-medium wp-image-442\" src=\"https:\/\/periodicolarepublica.com\/wp-content\/uploads\/2024\/03\/Picsart_24-03-04_10-58-56-147-300x158.jpg\" alt=\"\" width=\"300\" height=\"158\" srcset=\"https:\/\/periodicolarepublica.com\/wp-content\/uploads\/2024\/03\/Picsart_24-03-04_10-58-56-147-300x158.jpg?v=1715379812 300w, https:\/\/periodicolarepublica.com\/wp-content\/uploads\/2024\/03\/Picsart_24-03-04_10-58-56-147-1024x538.jpg?v=1715379812 1024w, https:\/\/periodicolarepublica.com\/wp-content\/uploads\/2024\/03\/Picsart_24-03-04_10-58-56-147-768x403.jpg?v=1715379812 768w, https:\/\/periodicolarepublica.com\/wp-content\/uploads\/2024\/03\/Picsart_24-03-04_10-58-56-147-1536x807.jpg?v=1715379812 1536w, https:\/\/periodicolarepublica.com\/wp-content\/uploads\/2024\/03\/Picsart_24-03-04_10-58-56-147-2048x1075.jpg?v=1715379812 2048w, https:\/\/periodicolarepublica.com\/wp-content\/uploads\/2024\/03\/Picsart_24-03-04_10-58-56-147-150x79.jpg?v=1715379812 150w, https:\/\/periodicolarepublica.com\/wp-content\/uploads\/2024\/03\/Picsart_24-03-04_10-58-56-147-600x315.jpg?v=1715379812 600w, https:\/\/periodicolarepublica.com\/wp-content\/uploads\/2024\/03\/Picsart_24-03-04_10-58-56-147-696x365.jpg?v=1715379812 696w, https:\/\/periodicolarepublica.com\/wp-content\/uploads\/2024\/03\/Picsart_24-03-04_10-58-56-147-1392x731.jpg?v=1715379812 1392w, https:\/\/periodicolarepublica.com\/wp-content\/uploads\/2024\/03\/Picsart_24-03-04_10-58-56-147-1068x561.jpg?v=1715379812 1068w, https:\/\/periodicolarepublica.com\/wp-content\/uploads\/2024\/03\/Picsart_24-03-04_10-58-56-147-1920x1008.jpg?v=1715379812 1920w\" sizes=\"auto, (max-width: 300px) 100vw, 300px\" \/><\/p>\n<p>El Malec\u00f3n de Santo Domingo se visti\u00f3 de fiesta m\u00fasica, colorido y cultura este domingo al celebrar el Carnaval del Distrito Nacional en el que desfilaron m\u00e1s de 70 comparsas que deleitaron a los presentes con sus presentaciones y vistosos trajes.<\/p>\n<p>Organizado por la Alcald\u00eda del Distrito Nacional y la Uni\u00f3n Carnavalesca del Distrito (UCADI), el evento fue un \u00e9xito total, atrayendo a miles de personas que de manera entusiasta que se congreg\u00f3 para disfrutar del espect\u00e1culo.<\/p>\n<p>La inauguraci\u00f3n del Carnaval inici\u00f3 con la llegada de la alcaldesa Carolina Mej\u00eda quien junto al vicealcalde Stalin Alc\u00e1ntara, Los Guloyas de Propag\u00e1s y la banda de music del Cuerpo de Bomberos de Distrito dieron la bienvenida a los presentes, marcando as\u00ed el comienzo de una jornada llena de alegr\u00eda y diversi\u00f3n.<\/p>\n<p>El rey del Carnaval Carlos Manuel Tavarez Ventura, conocido como \u201cEl Viejebo del Swing\u201d y la reyna Belkis Amarilis Delgado llegaron transportados por el Club de Carros Antiguos.<\/p>\n<p>El Carnaval del Distrito Nacional 2024 fue una celebraci\u00f3n que demostr\u00f3 una vez m\u00e1s el esp\u00edritu festivo y la diversidad cultural de la Rep\u00fablica Dominicana.<\/p>\n<p>&nbsp;<\/p>\n<p style=\"text-align: center;\">\n","protected":false},"excerpt":{"rendered":"<p>El Malec\u00f3n de Santo Domingo se visti\u00f3 de fiesta m\u00fasica, colorido y cultura este domingo al celebrar el Carnaval del Distrito Nacional en el que desfilaron m\u00e1s de 70 comparsas que deleitaron a los presentes con sus presentaciones y vistosos trajes. Organizado por la Alcald\u00eda del Distrito Nacional y la Uni\u00f3n Carnavalesca del Distrito (UCADI), [&hellip;]<\/p>\n","protected":false},"author":1,"featured_media":442,"comment_status":"open","ping_status":"open","sticky":false,"template":"","format":"standard","meta":{"om_disable_all_campaigns":false,"_monsterinsights_skip_tracking":false,"_monsterinsights_sitenote_active":false,"_monsterinsights_sitenote_note":"","_monsterinsights_sitenote_category":0,"footnotes":""},"categories":[1],"tags":[129],"class_list":{"0":"post-441","1":"post","2":"type-post","3":"status-publish","4":"format-standard","5":"has-post-thumbnail","7":"category-nacionales","8":"tag-carnaval"},"aioseo_notices":[],"_links":{"self":[{"href":"https:\/\/periodicolarepublica.com\/index.php\/wp-json\/wp\/v2\/posts\/441","targetHints":{"allow":["GET"]}}],"collection":[{"href":"https:\/\/periodicolarepublica.com\/index.php\/wp-json\/wp\/v2\/posts"}],"about":[{"href":"https:\/\/periodicolarepublica.com\/index.php\/wp-json\/wp\/v2\/types\/post"}],"author":[{"embeddable":true,"href":"https:\/\/periodicolarepublica.com\/index.php\/wp-json\/wp\/v2\/users\/1"}],"replies":[{"embeddable":true,"href":"https:\/\/periodicolarepublica.com\/index.php\/wp-json\/wp\/v2\/comments?post=441"}],"version-history":[{"count":1,"href":"https:\/\/periodicolarepublica.com\/index.php\/wp-json\/wp\/v2\/posts\/441\/revisions"}],"predecessor-version":[{"id":443,"href":"https:\/\/periodicolarepublica.com\/index.php\/wp-json\/wp\/v2\/posts\/441\/revisions\/443"}],"wp:featuredmedia":[{"embeddable":true,"href":"https:\/\/periodicolarepublica.com\/index.php\/wp-json\/wp\/v2\/media\/442"}],"wp:attachment":[{"href":"https:\/\/periodicolarepublica.com\/index.php\/wp-json\/wp\/v2\/media?parent=441"}],"wp:term":[{"taxonomy":"category","embeddable":true,"href":"https:\/\/periodicolarepublica.com\/index.php\/wp-json\/wp\/v2\/categories?post=441"},{"taxonomy":"post_tag","embeddable":true,"href":"https:\/\/periodicolarepublica.com\/index.php\/wp-json\/wp\/v2\/tags?post=441"}],"curies":[{"name":"wp","href":"https:\/\/api.w.org\/{rel}","templated":true}]}}