{"id":4410,"date":"2025-11-25T10:02:31","date_gmt":"2025-11-25T14:02:31","guid":{"rendered":"https:\/\/periodicolarepublica.com\/?p=4410"},"modified":"2025-11-25T10:02:31","modified_gmt":"2025-11-25T14:02:31","slug":"tomas-hernandez-alberto-respalda-firmemente-al-presidente-del-prm-jose-ignacio-paliza","status":"publish","type":"post","link":"https:\/\/periodicolarepublica.com\/index.php\/2025\/11\/25\/tomas-hernandez-alberto-respalda-firmemente-al-presidente-del-prm-jose-ignacio-paliza\/","title":{"rendered":"Tom\u00e1s Hern\u00e1ndez Alberto respalda firmemente al presidente del PRM, Jos\u00e9 Ignacio Paliza"},"content":{"rendered":"<p>&nbsp;<\/p>\n<p>Santo Domingo, R.D. \u2013 El dirigente pol\u00edtico Tom\u00e1s Hern\u00e1ndez Alberto expres\u00f3 su respaldo absoluto al presidente del Partido Revolucionario Moderno (PRM), Jos\u00e9 Ignacio Paliza, luego de las declaraciones firmes y contundentes realizadas por este sobre la penetraci\u00f3n del narcotr\u00e1fico en la Rep\u00fablica Dominicana y su impacto en la sociedad.<\/p>\n<p>&nbsp;<\/p>\n<p>Hern\u00e1ndez Alberto destac\u00f3 que Paliza \u201cdio en la diana\u201d con su pronunciamiento, el cual calific\u00f3 como oportuno y necesario en un momento en que el pa\u00eds exige claridad, determinaci\u00f3n y coraje por parte de sus l\u00edderes. Seg\u00fan afirm\u00f3, el mensaje del presidente del PRM interpret\u00f3 con precisi\u00f3n el sentimiento de preocupaci\u00f3n que prevalece en amplios sectores de la poblaci\u00f3n.<\/p>\n<p>&nbsp;<\/p>\n<p>El dirigente explic\u00f3 que las palabras de Paliza no solo representan una posici\u00f3n partidaria, sino que tambi\u00e9n sintonizan con la visi\u00f3n y el compromiso del presidente de la Rep\u00fablica, Luis Abinader, quien previamente hab\u00eda se\u00f1alado que, respecto a este tema, Paliza emitir\u00eda una posici\u00f3n clara y frontal. Esto, asegur\u00f3, refuerza la coherencia institucional del PRM en torno a un tema tan sensible para la naci\u00f3n.<\/p>\n<p>&nbsp;<\/p>\n<p>\u201cEste es un momento de definiciones, no de dudas ni titubeos\u201d, expres\u00f3 Hern\u00e1ndez Alberto. En ese sentido, insisti\u00f3 en que todos los aspirantes a la Presidencia de la Rep\u00fablica deben asumir una postura p\u00fablica de respaldo absoluto a las declaraciones del presidente Paliza, dada la gravedad del tema y la necesidad de unidad interna.<\/p>\n<p>&nbsp;<\/p>\n<p>Asimismo, llam\u00f3 a los principales organismos del Partido Revolucionario Moderno a sumarse sin reservas a esta posici\u00f3n institucional. Se\u00f1al\u00f3 que Paliza enfrentar\u00e1 fuertes ataques de los sectores opositores debido a la fuerza y profundidad de su declaraci\u00f3n, la cual, seg\u00fan afirm\u00f3, ha desmontado el discurso tradicional con que la oposici\u00f3n ha intentado manipular el tema.<\/p>\n<p>&nbsp;<\/p>\n<p>Hern\u00e1ndez Alberto advirti\u00f3 que, por esa misma raz\u00f3n, el partido debe cerrar filas en torno a Paliza, pues lo que viene es una embestida pol\u00edtica frontal contra \u00e9l. \u201cLe romper\u00e1 la columna vertebral al discurso opositor y eso generar\u00e1 fuertes reacciones. En este momento, el PRM necesita dar una se\u00f1al clara de cohesi\u00f3n y fortaleza\u201d, puntualiz\u00f3.<\/p>\n<p>&nbsp;<\/p>\n<p>Agreg\u00f3 que la militancia, los dirigentes y los organismos internos tienen la responsabilidad hist\u00f3rica de comprender el momento que vive el pa\u00eds y actuar en consecuencia, apoyando sin reparos a quienes defienden con valent\u00eda los mejores intereses de la Rep\u00fablica Dominicana.<\/p>\n<p>&nbsp;<\/p>\n<p>Finalmente, reiter\u00f3 que este es un llamado no solo a la unidad partidaria, sino tambi\u00e9n a la firmeza institucional. \u201cRespaldar al presidente Paliza es respaldar la transparencia, la responsabilidad y el compromiso con la Rep\u00fablica Dominicana. Y es, adem\u00e1s, fortalecer el legado de un partido que ha demostrado estar del lado correcto de la historia\u201d, concluy\u00f3 Hern\u00e1ndez Alberto.<img loading=\"lazy\" decoding=\"async\" class=\"size-medium wp-image-4411 alignright\" src=\"https:\/\/periodicolarepublica.com\/wp-content\/uploads\/2025\/11\/IMG_20251124_210342-300x266.jpg\" alt=\"\" width=\"300\" height=\"266\" srcset=\"https:\/\/periodicolarepublica.com\/wp-content\/uploads\/2025\/11\/IMG_20251124_210342-300x266.jpg?v=1764079325 300w, https:\/\/periodicolarepublica.com\/wp-content\/uploads\/2025\/11\/IMG_20251124_210342-150x133.jpg?v=1764079325 150w, https:\/\/periodicolarepublica.com\/wp-content\/uploads\/2025\/11\/IMG_20251124_210342-600x532.jpg?v=1764079325 600w, https:\/\/periodicolarepublica.com\/wp-content\/uploads\/2025\/11\/IMG_20251124_210342.jpg?v=1764079325 660w\" sizes=\"auto, (max-width: 300px) 100vw, 300px\" \/><\/p>\n","protected":false},"excerpt":{"rendered":"<p>&nbsp; Santo Domingo, R.D. \u2013 El dirigente pol\u00edtico Tom\u00e1s Hern\u00e1ndez Alberto expres\u00f3 su respaldo absoluto al presidente del Partido Revolucionario Moderno (PRM), Jos\u00e9 Ignacio Paliza, luego de las declaraciones firmes y contundentes realizadas por este sobre la penetraci\u00f3n del narcotr\u00e1fico en la Rep\u00fablica Dominicana y su impacto en la sociedad. &nbsp; Hern\u00e1ndez Alberto destac\u00f3 que [&hellip;]<\/p>\n","protected":false},"author":10,"featured_media":4411,"comment_status":"open","ping_status":"open","sticky":false,"template":"","format":"standard","meta":{"om_disable_all_campaigns":false,"_monsterinsights_skip_tracking":false,"_monsterinsights_sitenote_active":false,"_monsterinsights_sitenote_note":"","_monsterinsights_sitenote_category":0,"footnotes":""},"categories":[1],"tags":[163],"class_list":{"0":"post-4410","1":"post","2":"type-post","3":"status-publish","4":"format-standard","5":"has-post-thumbnail","7":"category-nacionales","8":"tag-tomas-hernandez-alberto"},"aioseo_notices":[],"_links":{"self":[{"href":"https:\/\/periodicolarepublica.com\/index.php\/wp-json\/wp\/v2\/posts\/4410","targetHints":{"allow":["GET"]}}],"collection":[{"href":"https:\/\/periodicolarepublica.com\/index.php\/wp-json\/wp\/v2\/posts"}],"about":[{"href":"https:\/\/periodicolarepublica.com\/index.php\/wp-json\/wp\/v2\/types\/post"}],"author":[{"embeddable":true,"href":"https:\/\/periodicolarepublica.com\/index.php\/wp-json\/wp\/v2\/users\/10"}],"replies":[{"embeddable":true,"href":"https:\/\/periodicolarepublica.com\/index.php\/wp-json\/wp\/v2\/comments?post=4410"}],"version-history":[{"count":1,"href":"https:\/\/periodicolarepublica.com\/index.php\/wp-json\/wp\/v2\/posts\/4410\/revisions"}],"predecessor-version":[{"id":4412,"href":"https:\/\/periodicolarepublica.com\/index.php\/wp-json\/wp\/v2\/posts\/4410\/revisions\/4412"}],"wp:featuredmedia":[{"embeddable":true,"href":"https:\/\/periodicolarepublica.com\/index.php\/wp-json\/wp\/v2\/media\/4411"}],"wp:attachment":[{"href":"https:\/\/periodicolarepublica.com\/index.php\/wp-json\/wp\/v2\/media?parent=4410"}],"wp:term":[{"taxonomy":"category","embeddable":true,"href":"https:\/\/periodicolarepublica.com\/index.php\/wp-json\/wp\/v2\/categories?post=4410"},{"taxonomy":"post_tag","embeddable":true,"href":"https:\/\/periodicolarepublica.com\/index.php\/wp-json\/wp\/v2\/tags?post=4410"}],"curies":[{"name":"wp","href":"https:\/\/api.w.org\/{rel}","templated":true}]}}