{"id":4414,"date":"2025-11-26T08:10:02","date_gmt":"2025-11-26T12:10:02","guid":{"rendered":"https:\/\/periodicolarepublica.com\/?p=4414"},"modified":"2025-11-26T08:11:06","modified_gmt":"2025-11-26T12:11:06","slug":"danylsa-vargas","status":"publish","type":"post","link":"https:\/\/periodicolarepublica.com\/index.php\/2025\/11\/26\/danylsa-vargas\/","title":{"rendered":"Danylsa Vargas recibe reconocimiento a la trayectoria en Premios La Flor"},"content":{"rendered":"<p style=\"text-align: right;\">Danylsa Vargas recibe reconocimiento a la trayectoria en Premios La Flo<\/p>\n<p>Actualmente se desempe\u00f1a como coordinadora del bloque de 5 a 7 PM de Panorama de la Tarde del Grupo de Medios Panorama, co conductora de Inf\u00f3rmate junto a Ana Jim\u00e9nez y productora de En el Lente con Danylsa Vargas, su m\u00e1s reciente proyecto._<\/p>\n<p>La periodista y comunicadora Danylsa Vargas fue reconocida con el prestigioso Premio La Flor, una distinci\u00f3n que resalta la labor, los aportes y la trayectoria de profesionales que han dejado una huella significativa en los medios de comunicaci\u00f3n de la Rep\u00fablica Dominicana.<\/p>\n<p>Durante la ceremonia, Vargas agradeci\u00f3 el reconocimiento y valor\u00f3 la importancia de ejercer la comunicaci\u00f3n con responsabilidad. En su discurso, exhort\u00f3 a los j\u00f3venes a trabajar siempre \u201ccon \u00e9tica, dedicaci\u00f3n y esmero\u201d, al tiempo que les motiv\u00f3 a utilizar las plataformas medi\u00e1ticas para promover valores y contribuir al bienestar social.<\/p>\n<p>El Premio La Flor, presidido por el joven Henry Rijo, es otorgado a figuras del arte, la comunicaci\u00f3n, el liderazgo social y otras \u00e1reas de impacto comunitario. Su objetivo es enaltecer a quienes, con su trabajo constante, sirven de ejemplo y aportan al desarrollo cultural y social del pa\u00eds.<\/p>\n<p>Con este reconocimiento, Danylsa Vargas reafirma su compromiso con una comunicaci\u00f3n transparente, constructiva y orientada al servicio p\u00fablico.<\/p>\n<p>Actualmente se desempe\u00f1a como coordinadora del bloque de 5 a 7 PM de Panorama de la Tarde del Grupo de Medios Panorama, co conductora de Inf\u00f3rmate junto a Ana Jim\u00e9nez y productora de En el Lente con Danylsa Vargas, su m\u00e1s reciente proyecto.<\/p>\n<p><img loading=\"lazy\" decoding=\"async\" class=\"alignnone size-medium wp-image-4415\" src=\"https:\/\/periodicolarepublica.com\/wp-content\/uploads\/2025\/11\/IMG-20251126-WA0010-scaled-e1764158900462-300x235.jpg\" alt=\"\" width=\"300\" height=\"235\" srcset=\"https:\/\/periodicolarepublica.com\/wp-content\/uploads\/2025\/11\/IMG-20251126-WA0010-scaled-e1764158900462-300x235.jpg 300w, https:\/\/periodicolarepublica.com\/wp-content\/uploads\/2025\/11\/IMG-20251126-WA0010-scaled-e1764158900462-1024x803.jpg 1024w, https:\/\/periodicolarepublica.com\/wp-content\/uploads\/2025\/11\/IMG-20251126-WA0010-scaled-e1764158900462-768x603.jpg 768w, https:\/\/periodicolarepublica.com\/wp-content\/uploads\/2025\/11\/IMG-20251126-WA0010-scaled-e1764158900462-150x118.jpg 150w, https:\/\/periodicolarepublica.com\/wp-content\/uploads\/2025\/11\/IMG-20251126-WA0010-scaled-e1764158900462-600x471.jpg 600w, https:\/\/periodicolarepublica.com\/wp-content\/uploads\/2025\/11\/IMG-20251126-WA0010-scaled-e1764158900462-696x546.jpg 696w, https:\/\/periodicolarepublica.com\/wp-content\/uploads\/2025\/11\/IMG-20251126-WA0010-scaled-e1764158900462-1068x838.jpg 1068w, https:\/\/periodicolarepublica.com\/wp-content\/uploads\/2025\/11\/IMG-20251126-WA0010-scaled-e1764158900462.jpg 1188w\" sizes=\"auto, (max-width: 300px) 100vw, 300px\" \/><\/p>\n","protected":false},"excerpt":{"rendered":"<p>Danylsa Vargas recibe reconocimiento a la trayectoria en Premios La Flo Actualmente se desempe\u00f1a como coordinadora del bloque de 5 a 7 PM de Panorama de la Tarde del Grupo de Medios Panorama, co conductora de Inf\u00f3rmate junto a Ana Jim\u00e9nez y productora de En el Lente con Danylsa Vargas, su m\u00e1s reciente proyecto._ La [&hellip;]<\/p>\n","protected":false},"author":6,"featured_media":4415,"comment_status":"open","ping_status":"open","sticky":false,"template":"","format":"standard","meta":{"om_disable_all_campaigns":false,"_monsterinsights_skip_tracking":false,"_monsterinsights_sitenote_active":false,"_monsterinsights_sitenote_note":"","_monsterinsights_sitenote_category":0,"footnotes":""},"categories":[1],"tags":[480],"class_list":{"0":"post-4414","1":"post","2":"type-post","3":"status-publish","4":"format-standard","5":"has-post-thumbnail","7":"category-nacionales","8":"tag-danylsa-vargas"},"aioseo_notices":[],"_links":{"self":[{"href":"https:\/\/periodicolarepublica.com\/index.php\/wp-json\/wp\/v2\/posts\/4414","targetHints":{"allow":["GET"]}}],"collection":[{"href":"https:\/\/periodicolarepublica.com\/index.php\/wp-json\/wp\/v2\/posts"}],"about":[{"href":"https:\/\/periodicolarepublica.com\/index.php\/wp-json\/wp\/v2\/types\/post"}],"author":[{"embeddable":true,"href":"https:\/\/periodicolarepublica.com\/index.php\/wp-json\/wp\/v2\/users\/6"}],"replies":[{"embeddable":true,"href":"https:\/\/periodicolarepublica.com\/index.php\/wp-json\/wp\/v2\/comments?post=4414"}],"version-history":[{"count":1,"href":"https:\/\/periodicolarepublica.com\/index.php\/wp-json\/wp\/v2\/posts\/4414\/revisions"}],"predecessor-version":[{"id":4416,"href":"https:\/\/periodicolarepublica.com\/index.php\/wp-json\/wp\/v2\/posts\/4414\/revisions\/4416"}],"wp:featuredmedia":[{"embeddable":true,"href":"https:\/\/periodicolarepublica.com\/index.php\/wp-json\/wp\/v2\/media\/4415"}],"wp:attachment":[{"href":"https:\/\/periodicolarepublica.com\/index.php\/wp-json\/wp\/v2\/media?parent=4414"}],"wp:term":[{"taxonomy":"category","embeddable":true,"href":"https:\/\/periodicolarepublica.com\/index.php\/wp-json\/wp\/v2\/categories?post=4414"},{"taxonomy":"post_tag","embeddable":true,"href":"https:\/\/periodicolarepublica.com\/index.php\/wp-json\/wp\/v2\/tags?post=4414"}],"curies":[{"name":"wp","href":"https:\/\/api.w.org\/{rel}","templated":true}]}}