{"id":4424,"date":"2025-11-27T07:53:32","date_gmt":"2025-11-27T11:53:32","guid":{"rendered":"https:\/\/periodicolarepublica.com\/?p=4424"},"modified":"2025-11-27T07:53:32","modified_gmt":"2025-11-27T11:53:32","slug":"museo-bellapart-presento-el-documental-colson-renovarse-o-morir","status":"publish","type":"post","link":"https:\/\/periodicolarepublica.com\/index.php\/2025\/11\/27\/museo-bellapart-presento-el-documental-colson-renovarse-o-morir\/","title":{"rendered":"Museo Bellapart present\u00f3 el documental \u201cColson: Renovarse o Morir\u201d"},"content":{"rendered":"<p>El Museo Bellapart y Agencia Bella presentaron la avant- premi\u00e8re del documental \u201cColson: Renovarse o Morir\u201d, un homenaje al pintor dominicano Jaime Colson, considerado uno de los artistas pl\u00e1sticos m\u00e1s influyentes del siglo XX y una figura esencial en la construcci\u00f3n de la identidad visual dominicana.<\/p>\n<p>&nbsp;<\/p>\n<p>&nbsp;<\/p>\n<p>&nbsp;<\/p>\n<p>Esta proyecci\u00f3n especial, que inici\u00f3 con una gala a las 6:30 P.M. en Caribbean Cinemas de Downtown Center, se llev\u00f3 a cabo con la presencia de la Primera Dama de la Rep\u00fablica, Raquel Arbaje de Abinader, miembros de la Familia Bellapart, familiares de Jaime Colson, historiadores, cr\u00edticos de arte y de cine, medios de comunicaci\u00f3n e invitados especiales.<\/p>\n<p>En sus palabras de bienvenida, la se\u00f1ora Maribel Bellapart se\u00f1al\u00f3 que \u00abEste estreno constituye un hito para las artes visuales del pa\u00eds porque ofrece a las nuevas generaciones acceso a la historia de un maestro que rompi\u00f3 esquemas y abri\u00f3 caminos al tiempo que fortalece la valoraci\u00f3n de nuestro patrimonio cultural y contribuye a la proyecci\u00f3n internacional del arte dominicano. \u00bb<\/p>\n<p><img loading=\"lazy\" decoding=\"async\" class=\"alignnone size-medium wp-image-4425\" src=\"https:\/\/periodicolarepublica.com\/wp-content\/uploads\/2025\/11\/8306-Elaine-Sosa-de-Herrera-y-Roberto-Herrera--scaled-e1764244362744-300x238.jpg\" alt=\"\" width=\"300\" height=\"238\" srcset=\"https:\/\/periodicolarepublica.com\/wp-content\/uploads\/2025\/11\/8306-Elaine-Sosa-de-Herrera-y-Roberto-Herrera--scaled-e1764244362744-300x238.jpg 300w, https:\/\/periodicolarepublica.com\/wp-content\/uploads\/2025\/11\/8306-Elaine-Sosa-de-Herrera-y-Roberto-Herrera--scaled-e1764244362744-1024x811.jpg 1024w, https:\/\/periodicolarepublica.com\/wp-content\/uploads\/2025\/11\/8306-Elaine-Sosa-de-Herrera-y-Roberto-Herrera--scaled-e1764244362744-768x608.jpg 768w, https:\/\/periodicolarepublica.com\/wp-content\/uploads\/2025\/11\/8306-Elaine-Sosa-de-Herrera-y-Roberto-Herrera--scaled-e1764244362744-150x119.jpg 150w, https:\/\/periodicolarepublica.com\/wp-content\/uploads\/2025\/11\/8306-Elaine-Sosa-de-Herrera-y-Roberto-Herrera--scaled-e1764244362744-600x475.jpg 600w, https:\/\/periodicolarepublica.com\/wp-content\/uploads\/2025\/11\/8306-Elaine-Sosa-de-Herrera-y-Roberto-Herrera--scaled-e1764244362744-696x551.jpg 696w, https:\/\/periodicolarepublica.com\/wp-content\/uploads\/2025\/11\/8306-Elaine-Sosa-de-Herrera-y-Roberto-Herrera--scaled-e1764244362744-1068x846.jpg 1068w, https:\/\/periodicolarepublica.com\/wp-content\/uploads\/2025\/11\/8306-Elaine-Sosa-de-Herrera-y-Roberto-Herrera--scaled-e1764244362744.jpg 1078w\" sizes=\"auto, (max-width: 300px) 100vw, 300px\" \/><\/p>\n<p>&nbsp;<\/p>\n","protected":false},"excerpt":{"rendered":"<p>El Museo Bellapart y Agencia Bella presentaron la avant- premi\u00e8re del documental \u201cColson: Renovarse o Morir\u201d, un homenaje al pintor dominicano Jaime Colson, considerado uno de los artistas pl\u00e1sticos m\u00e1s influyentes del siglo XX y una figura esencial en la construcci\u00f3n de la identidad visual dominicana. &nbsp; &nbsp; &nbsp; Esta proyecci\u00f3n especial, que inici\u00f3 con [&hellip;]<\/p>\n","protected":false},"author":6,"featured_media":4425,"comment_status":"open","ping_status":"open","sticky":false,"template":"","format":"standard","meta":{"om_disable_all_campaigns":false,"_monsterinsights_skip_tracking":false,"_monsterinsights_sitenote_active":false,"_monsterinsights_sitenote_note":"","_monsterinsights_sitenote_category":0,"footnotes":""},"categories":[1],"tags":[481],"class_list":{"0":"post-4424","1":"post","2":"type-post","3":"status-publish","4":"format-standard","5":"has-post-thumbnail","7":"category-nacionales","8":"tag-colson"},"aioseo_notices":[],"_links":{"self":[{"href":"https:\/\/periodicolarepublica.com\/index.php\/wp-json\/wp\/v2\/posts\/4424","targetHints":{"allow":["GET"]}}],"collection":[{"href":"https:\/\/periodicolarepublica.com\/index.php\/wp-json\/wp\/v2\/posts"}],"about":[{"href":"https:\/\/periodicolarepublica.com\/index.php\/wp-json\/wp\/v2\/types\/post"}],"author":[{"embeddable":true,"href":"https:\/\/periodicolarepublica.com\/index.php\/wp-json\/wp\/v2\/users\/6"}],"replies":[{"embeddable":true,"href":"https:\/\/periodicolarepublica.com\/index.php\/wp-json\/wp\/v2\/comments?post=4424"}],"version-history":[{"count":1,"href":"https:\/\/periodicolarepublica.com\/index.php\/wp-json\/wp\/v2\/posts\/4424\/revisions"}],"predecessor-version":[{"id":4426,"href":"https:\/\/periodicolarepublica.com\/index.php\/wp-json\/wp\/v2\/posts\/4424\/revisions\/4426"}],"wp:featuredmedia":[{"embeddable":true,"href":"https:\/\/periodicolarepublica.com\/index.php\/wp-json\/wp\/v2\/media\/4425"}],"wp:attachment":[{"href":"https:\/\/periodicolarepublica.com\/index.php\/wp-json\/wp\/v2\/media?parent=4424"}],"wp:term":[{"taxonomy":"category","embeddable":true,"href":"https:\/\/periodicolarepublica.com\/index.php\/wp-json\/wp\/v2\/categories?post=4424"},{"taxonomy":"post_tag","embeddable":true,"href":"https:\/\/periodicolarepublica.com\/index.php\/wp-json\/wp\/v2\/tags?post=4424"}],"curies":[{"name":"wp","href":"https:\/\/api.w.org\/{rel}","templated":true}]}}