{"id":4427,"date":"2025-11-27T07:58:40","date_gmt":"2025-11-27T11:58:40","guid":{"rendered":"https:\/\/periodicolarepublica.com\/?p=4427"},"modified":"2025-11-27T07:58:40","modified_gmt":"2025-11-27T11:58:40","slug":"yenny-polanco-lovera-sera-reconocida-por-la-asociacion-de-empresarios-hispano-dominicanos-foro-domadrid","status":"publish","type":"post","link":"https:\/\/periodicolarepublica.com\/index.php\/2025\/11\/27\/yenny-polanco-lovera-sera-reconocida-por-la-asociacion-de-empresarios-hispano-dominicanos-foro-domadrid\/","title":{"rendered":"Yenny Polanco Lovera ser\u00e1 reconocida por la Asociaci\u00f3n de Empresarios Hispano-Dominicanos Foro DoMadrid"},"content":{"rendered":"<p>La periodista Yenny Polanco Lovera ser\u00e1 reconocida en Madrid por la Asociaci\u00f3n de Empresarios Hispano-Dominicanos Foro DoMadrid, durante una ceremonia que se llevar\u00e1 a cabo en la Gala Empresarial, el lunes 19 de enero de 2026, en Madrid, Espa\u00f1a.<\/p>\n<p>&nbsp;<\/p>\n<p>Frank Segura, presidente de RD Exquisita, Festival Gastron\u00f3mico, expres\u00f3 que este reconocimiento honra la destacada trayectoria de Yenny Polanco Lovera en el periodismo dominicano y su invaluable aporte a la promoci\u00f3n de la cultura y los valores del pa\u00eds en los medios de comunicaci\u00f3n.<\/p>\n<p>Yenny Polanco Lovera, quien actualmente es presidenta de la Federaci\u00f3n Iberoamericana de Periodistas de Turismo (FIPETUR) y conductora del programa de televisi\u00f3n y plataforma digital Fiestas y Personalidades, agradeci\u00f3 la distinci\u00f3n y valor\u00f3 el trabajo que realiza este festival gastron\u00f3mico para proyectar la cultura, la gastronom\u00eda y el turismo de la Rep\u00fablica Dominicana en Europa.<\/p>\n<figure id=\"attachment_4428\" aria-describedby=\"caption-attachment-4428\" style=\"width: 300px\" class=\"wp-caption alignnone\"><img loading=\"lazy\" decoding=\"async\" class=\"wp-image-4428 size-medium\" src=\"https:\/\/periodicolarepublica.com\/wp-content\/uploads\/2025\/11\/IMG-20251115-WA0025-e1764244673339-300x225.jpg\" alt=\"\" width=\"300\" height=\"225\" srcset=\"https:\/\/periodicolarepublica.com\/wp-content\/uploads\/2025\/11\/IMG-20251115-WA0025-e1764244673339-300x225.jpg 300w, https:\/\/periodicolarepublica.com\/wp-content\/uploads\/2025\/11\/IMG-20251115-WA0025-e1764244673339-150x112.jpg 150w, https:\/\/periodicolarepublica.com\/wp-content\/uploads\/2025\/11\/IMG-20251115-WA0025-e1764244673339-265x198.jpg 265w, https:\/\/periodicolarepublica.com\/wp-content\/uploads\/2025\/11\/IMG-20251115-WA0025-e1764244673339.jpg 347w\" sizes=\"auto, (max-width: 300px) 100vw, 300px\" \/><figcaption id=\"caption-attachment-4428\" class=\"wp-caption-text\">RD Exquisita<\/figcaption><\/figure>\n","protected":false},"excerpt":{"rendered":"<p>La periodista Yenny Polanco Lovera ser\u00e1 reconocida en Madrid por la Asociaci\u00f3n de Empresarios Hispano-Dominicanos Foro DoMadrid, durante una ceremonia que se llevar\u00e1 a cabo en la Gala Empresarial, el lunes 19 de enero de 2026, en Madrid, Espa\u00f1a. &nbsp; Frank Segura, presidente de RD Exquisita, Festival Gastron\u00f3mico, expres\u00f3 que este reconocimiento honra la destacada [&hellip;]<\/p>\n","protected":false},"author":6,"featured_media":4428,"comment_status":"open","ping_status":"open","sticky":false,"template":"","format":"standard","meta":{"om_disable_all_campaigns":false,"_monsterinsights_skip_tracking":false,"_monsterinsights_sitenote_active":false,"_monsterinsights_sitenote_note":"","_monsterinsights_sitenote_category":0,"footnotes":""},"categories":[1],"tags":[482],"class_list":{"0":"post-4427","1":"post","2":"type-post","3":"status-publish","4":"format-standard","5":"has-post-thumbnail","7":"category-nacionales","8":"tag-rd-exquisita"},"aioseo_notices":[],"_links":{"self":[{"href":"https:\/\/periodicolarepublica.com\/index.php\/wp-json\/wp\/v2\/posts\/4427","targetHints":{"allow":["GET"]}}],"collection":[{"href":"https:\/\/periodicolarepublica.com\/index.php\/wp-json\/wp\/v2\/posts"}],"about":[{"href":"https:\/\/periodicolarepublica.com\/index.php\/wp-json\/wp\/v2\/types\/post"}],"author":[{"embeddable":true,"href":"https:\/\/periodicolarepublica.com\/index.php\/wp-json\/wp\/v2\/users\/6"}],"replies":[{"embeddable":true,"href":"https:\/\/periodicolarepublica.com\/index.php\/wp-json\/wp\/v2\/comments?post=4427"}],"version-history":[{"count":2,"href":"https:\/\/periodicolarepublica.com\/index.php\/wp-json\/wp\/v2\/posts\/4427\/revisions"}],"predecessor-version":[{"id":4430,"href":"https:\/\/periodicolarepublica.com\/index.php\/wp-json\/wp\/v2\/posts\/4427\/revisions\/4430"}],"wp:featuredmedia":[{"embeddable":true,"href":"https:\/\/periodicolarepublica.com\/index.php\/wp-json\/wp\/v2\/media\/4428"}],"wp:attachment":[{"href":"https:\/\/periodicolarepublica.com\/index.php\/wp-json\/wp\/v2\/media?parent=4427"}],"wp:term":[{"taxonomy":"category","embeddable":true,"href":"https:\/\/periodicolarepublica.com\/index.php\/wp-json\/wp\/v2\/categories?post=4427"},{"taxonomy":"post_tag","embeddable":true,"href":"https:\/\/periodicolarepublica.com\/index.php\/wp-json\/wp\/v2\/tags?post=4427"}],"curies":[{"name":"wp","href":"https:\/\/api.w.org\/{rel}","templated":true}]}}