{"id":4431,"date":"2025-11-27T08:03:43","date_gmt":"2025-11-27T12:03:43","guid":{"rendered":"https:\/\/periodicolarepublica.com\/?p=4431"},"modified":"2025-11-27T08:03:43","modified_gmt":"2025-11-27T12:03:43","slug":"la-identidad-digital-la-clave-para-transformar-los-servicios-publicos-y-privados","status":"publish","type":"post","link":"https:\/\/periodicolarepublica.com\/index.php\/2025\/11\/27\/la-identidad-digital-la-clave-para-transformar-los-servicios-publicos-y-privados\/","title":{"rendered":"La identidad digital: la clave para transformar los servicios p\u00fablicos y privados"},"content":{"rendered":"<p>En un contexto global cada vez m\u00e1s digitalizado, la identidad digital se ha convertido en un pilar fundamental para la modernizaci\u00f3n de los servicios p\u00fablicos y privados, impulsando la eficiencia, la seguridad y una mejor experiencia de usuario.<\/p>\n<p>&nbsp;<\/p>\n<p>Midas Dominicana, empresa l\u00edder en el desarrollo de soluciones tecnol\u00f3gicas, financieras y de identificaci\u00f3n segura, reafirma su compromiso con la transformaci\u00f3n digital del pa\u00eds, promoviendo la adopci\u00f3n de sistemas de identidad digital robustos, seguros e interoperables.<\/p>\n<p>\u201cUna identidad digital s\u00f3lida no es solo una herramienta tecnol\u00f3gica: es la base para construir confianza, inclusi\u00f3n y transparencia. En Midas Dominicana creemos que la digitalizaci\u00f3n del ciudadano es clave para garantizar servicios m\u00e1s \u00e1giles, seguros y equitativos\u201d, destac\u00f3 Carlos Mont\u00e1s, vicepresidente ejecutivo de Midas Dominicana.<\/p>\n<figure id=\"attachment_4432\" aria-describedby=\"caption-attachment-4432\" style=\"width: 248px\" class=\"wp-caption alignnone\"><img loading=\"lazy\" decoding=\"async\" class=\"wp-image-4432 size-full\" src=\"https:\/\/periodicolarepublica.com\/wp-content\/uploads\/2025\/11\/images-21.png\" alt=\"\" width=\"248\" height=\"203\" srcset=\"https:\/\/periodicolarepublica.com\/wp-content\/uploads\/2025\/11\/images-21.png 248w, https:\/\/periodicolarepublica.com\/wp-content\/uploads\/2025\/11\/images-21-150x123.png 150w\" sizes=\"auto, (max-width: 248px) 100vw, 248px\" \/><figcaption id=\"caption-attachment-4432\" class=\"wp-caption-text\">MIDAS<\/figcaption><\/figure>\n","protected":false},"excerpt":{"rendered":"<p>En un contexto global cada vez m\u00e1s digitalizado, la identidad digital se ha convertido en un pilar fundamental para la modernizaci\u00f3n de los servicios p\u00fablicos y privados, impulsando la eficiencia, la seguridad y una mejor experiencia de usuario. &nbsp; Midas Dominicana, empresa l\u00edder en el desarrollo de soluciones tecnol\u00f3gicas, financieras y de identificaci\u00f3n segura, reafirma [&hellip;]<\/p>\n","protected":false},"author":6,"featured_media":4432,"comment_status":"open","ping_status":"open","sticky":false,"template":"","format":"standard","meta":{"om_disable_all_campaigns":false,"_monsterinsights_skip_tracking":false,"_monsterinsights_sitenote_active":false,"_monsterinsights_sitenote_note":"","_monsterinsights_sitenote_category":0,"footnotes":""},"categories":[1],"tags":[483],"class_list":{"0":"post-4431","1":"post","2":"type-post","3":"status-publish","4":"format-standard","5":"has-post-thumbnail","7":"category-nacionales","8":"tag-midas"},"aioseo_notices":[],"_links":{"self":[{"href":"https:\/\/periodicolarepublica.com\/index.php\/wp-json\/wp\/v2\/posts\/4431","targetHints":{"allow":["GET"]}}],"collection":[{"href":"https:\/\/periodicolarepublica.com\/index.php\/wp-json\/wp\/v2\/posts"}],"about":[{"href":"https:\/\/periodicolarepublica.com\/index.php\/wp-json\/wp\/v2\/types\/post"}],"author":[{"embeddable":true,"href":"https:\/\/periodicolarepublica.com\/index.php\/wp-json\/wp\/v2\/users\/6"}],"replies":[{"embeddable":true,"href":"https:\/\/periodicolarepublica.com\/index.php\/wp-json\/wp\/v2\/comments?post=4431"}],"version-history":[{"count":1,"href":"https:\/\/periodicolarepublica.com\/index.php\/wp-json\/wp\/v2\/posts\/4431\/revisions"}],"predecessor-version":[{"id":4433,"href":"https:\/\/periodicolarepublica.com\/index.php\/wp-json\/wp\/v2\/posts\/4431\/revisions\/4433"}],"wp:featuredmedia":[{"embeddable":true,"href":"https:\/\/periodicolarepublica.com\/index.php\/wp-json\/wp\/v2\/media\/4432"}],"wp:attachment":[{"href":"https:\/\/periodicolarepublica.com\/index.php\/wp-json\/wp\/v2\/media?parent=4431"}],"wp:term":[{"taxonomy":"category","embeddable":true,"href":"https:\/\/periodicolarepublica.com\/index.php\/wp-json\/wp\/v2\/categories?post=4431"},{"taxonomy":"post_tag","embeddable":true,"href":"https:\/\/periodicolarepublica.com\/index.php\/wp-json\/wp\/v2\/tags?post=4431"}],"curies":[{"name":"wp","href":"https:\/\/api.w.org\/{rel}","templated":true}]}}