{"id":4434,"date":"2025-11-27T08:11:12","date_gmt":"2025-11-27T12:11:12","guid":{"rendered":"https:\/\/periodicolarepublica.com\/?p=4434"},"modified":"2025-11-27T08:11:12","modified_gmt":"2025-11-27T12:11:12","slug":"celines-toribio-encabeza-la-nueva-yo-se-atreve-una-conferencia-para-renacer-conectar-y-avanzar","status":"publish","type":"post","link":"https:\/\/periodicolarepublica.com\/index.php\/2025\/11\/27\/celines-toribio-encabeza-la-nueva-yo-se-atreve-una-conferencia-para-renacer-conectar-y-avanzar\/","title":{"rendered":"Celin\u00e9s Toribio encabeza \u201cLa Nueva Yo Se Atreve\u201d, una conferencia para renacer, conectar y avanzar"},"content":{"rendered":"<p>La comunicadora, actriz y productora dominicana Celin\u00e9s Toribio present\u00f3 con \u00e9xito la quinta edici\u00f3n de su conferencia \u201cLa Nueva Yo\u00bb, en esta ocasi\u00f3n con el slogan \u00abSe Atreve \u201d, un movimiento que se ha convertido en un referente de motivaci\u00f3n, sanaci\u00f3n y liderazgo para miles de mujeres latinas en Estados Unidos y la Rep\u00fablica Dominicana.<\/p>\n<p>El espacio transformador dise\u00f1ado para inspirar cambios reales, conectar historias, fortalecer identidades y acompa\u00f1ar la evoluci\u00f3n emocional y profesional de la mujer latinas cont\u00f3 con la participaci\u00f3n y ponencia de Jatnna Tav\u00e1rez, Haidy Cruz, M\u00f3nica B\u00e1ez,<\/p>\n<p>Excarlet Molina, Rose Amador, Yamilet \u00abLa Gonz\u00e1lez\u00bb, Pamela Sued, Birmania R\u00edos, Isolda Peguero y muchas m\u00e1s.<\/p>\n<p>Las invitadas protagonizaron y compartieron charlas profundas y transformadoras, workshops pr\u00e1cticos, din\u00e1micas de introspecci\u00f3n, testimonios reales de mujeres que han vivido procesos de cambio, herramientas para el bienestar emocional y econ\u00f3mico, consejos de liderazgo, l\u00edmites saludables y amor propio, as\u00ed como estrategias para construir un plan de vida claro y accionable<\/p>\n<p>&nbsp;<\/p>\n<p><img loading=\"lazy\" decoding=\"async\" class=\"alignnone size-medium wp-image-4435\" src=\"https:\/\/periodicolarepublica.com\/wp-content\/uploads\/2025\/11\/2-Jatnna-y-Celines-e1764245432274-300x255.png\" alt=\"\" width=\"300\" height=\"255\" srcset=\"https:\/\/periodicolarepublica.com\/wp-content\/uploads\/2025\/11\/2-Jatnna-y-Celines-e1764245432274-300x255.png 300w, https:\/\/periodicolarepublica.com\/wp-content\/uploads\/2025\/11\/2-Jatnna-y-Celines-e1764245432274-150x128.png 150w, https:\/\/periodicolarepublica.com\/wp-content\/uploads\/2025\/11\/2-Jatnna-y-Celines-e1764245432274.png 414w\" sizes=\"auto, (max-width: 300px) 100vw, 300px\" \/><\/p>\n","protected":false},"excerpt":{"rendered":"<p>La comunicadora, actriz y productora dominicana Celin\u00e9s Toribio present\u00f3 con \u00e9xito la quinta edici\u00f3n de su conferencia \u201cLa Nueva Yo\u00bb, en esta ocasi\u00f3n con el slogan \u00abSe Atreve \u201d, un movimiento que se ha convertido en un referente de motivaci\u00f3n, sanaci\u00f3n y liderazgo para miles de mujeres latinas en Estados Unidos y la Rep\u00fablica Dominicana. [&hellip;]<\/p>\n","protected":false},"author":6,"featured_media":4435,"comment_status":"open","ping_status":"open","sticky":false,"template":"","format":"standard","meta":{"om_disable_all_campaigns":false,"_monsterinsights_skip_tracking":false,"_monsterinsights_sitenote_active":false,"_monsterinsights_sitenote_note":"","_monsterinsights_sitenote_category":0,"footnotes":""},"categories":[1],"tags":[484],"class_list":{"0":"post-4434","1":"post","2":"type-post","3":"status-publish","4":"format-standard","5":"has-post-thumbnail","7":"category-nacionales","8":"tag-celines-toribio"},"aioseo_notices":[],"_links":{"self":[{"href":"https:\/\/periodicolarepublica.com\/index.php\/wp-json\/wp\/v2\/posts\/4434","targetHints":{"allow":["GET"]}}],"collection":[{"href":"https:\/\/periodicolarepublica.com\/index.php\/wp-json\/wp\/v2\/posts"}],"about":[{"href":"https:\/\/periodicolarepublica.com\/index.php\/wp-json\/wp\/v2\/types\/post"}],"author":[{"embeddable":true,"href":"https:\/\/periodicolarepublica.com\/index.php\/wp-json\/wp\/v2\/users\/6"}],"replies":[{"embeddable":true,"href":"https:\/\/periodicolarepublica.com\/index.php\/wp-json\/wp\/v2\/comments?post=4434"}],"version-history":[{"count":1,"href":"https:\/\/periodicolarepublica.com\/index.php\/wp-json\/wp\/v2\/posts\/4434\/revisions"}],"predecessor-version":[{"id":4436,"href":"https:\/\/periodicolarepublica.com\/index.php\/wp-json\/wp\/v2\/posts\/4434\/revisions\/4436"}],"wp:featuredmedia":[{"embeddable":true,"href":"https:\/\/periodicolarepublica.com\/index.php\/wp-json\/wp\/v2\/media\/4435"}],"wp:attachment":[{"href":"https:\/\/periodicolarepublica.com\/index.php\/wp-json\/wp\/v2\/media?parent=4434"}],"wp:term":[{"taxonomy":"category","embeddable":true,"href":"https:\/\/periodicolarepublica.com\/index.php\/wp-json\/wp\/v2\/categories?post=4434"},{"taxonomy":"post_tag","embeddable":true,"href":"https:\/\/periodicolarepublica.com\/index.php\/wp-json\/wp\/v2\/tags?post=4434"}],"curies":[{"name":"wp","href":"https:\/\/api.w.org\/{rel}","templated":true}]}}