{"id":4440,"date":"2025-11-28T09:44:21","date_gmt":"2025-11-28T13:44:21","guid":{"rendered":"https:\/\/periodicolarepublica.com\/?p=4440"},"modified":"2025-11-28T09:44:21","modified_gmt":"2025-11-28T13:44:21","slug":"dida-lanza-el-premio-a-las-buenas-practicas-en-seguridad-social","status":"publish","type":"post","link":"https:\/\/periodicolarepublica.com\/index.php\/2025\/11\/28\/dida-lanza-el-premio-a-las-buenas-practicas-en-seguridad-social\/","title":{"rendered":"DIDA lanza el \u00abPremio a las Buenas Pr\u00e1cticas en Seguridad Social\u00bb"},"content":{"rendered":"<p>La instituci\u00f3n ha realizado m\u00e1s de 1,700 encuestas a afiliados y alrededor de 600 visitas de monitoreo a cl\u00ednicas, hospitales, farmacias, laboratorios para medir calidad en servicios en un a\u00f1o.<\/p>\n<p>SANTO DOMINGO, R.D. La Direcci\u00f3n General de Informaci\u00f3n y Defensa de los Afiliados a la Seguridad Social (DIDA) lanz\u00f3 el \u00abPremio a las Buenas Pr\u00e1cticas en Seguridad Social\u00bb, una iniciativa dise\u00f1ada para reconocer y promover a las instituciones del Sistema Dominicano de Seguridad Social (SDSS) que demuestren un compromiso excepcional con la calidad, la innovaci\u00f3n y el trato humano.<\/p>\n<p>&nbsp;<\/p>\n<p>En el acto de lanzamiento asistieron Jos\u00e9 Vargas, presidente ejecutivo de la Asociaci\u00f3n Dominicana de Administradoras de Riesgos de Salud (ADARS); Alba Holgu\u00edn, directora ejecutiva de la Asociaci\u00f3n Dominicana de Igualas M\u00e9dicas y ARS (ADIMARS); Juan Est\u00e9vez, viceministro de Trabajo y suplente del presidente del Consejo Nacional de la Seguridad Social; Samuel Sena, presidente del Consejo de Desarrollo Econ\u00f3mico y Social de Santo Domingo (CODESSD) y miembro del CNSS.<\/p>\n<p>&nbsp;<\/p>\n<p>Tambi\u00e9n participaron Augusto de los Santos, director de Sistema \u00danico de Beneficiarios (SIUBEN); Hadeline Matos, viceministra del Ministerio de Administraci\u00f3n P\u00fablica; Ketty Wanda Quezada, directora de Investigaci\u00f3n, Monitoreo de la DIDA y coordinadora del premio; Kinller Moquete, asesor del premio y otros miembros del sector.<\/p>\n<p>&nbsp;<\/p>\n<p>El\u00edas B\u00e1ez, director de la DIDA, inform\u00f3 que en esta primera edici\u00f3n tiene como objetivo visibilizar y galardonar los esfuerzos de Prestadoras de Servicios de Salud (PSS), Administradoras de Riesgos de Salud (ARS), m\u00e9dicos y entidades independientes que implementan modelos de gesti\u00f3n eficientes y resilientes en favor de los usuarios del sistema.<\/p>\n<p>&nbsp;<\/p>\n<p>Ba\u00e9z explic\u00f3 que ser\u00e1n evaluados siete renglones de Humanizaci\u00f3n de los Servicios de Salud, Gesti\u00f3n de Riesgos, Detecci\u00f3n y Prevenci\u00f3n de Irregularidades, Gesti\u00f3n Integral del Paciente, Experiencia del Usuario\/Afiliado, Protecci\u00f3n Financiera y Acceso para Poblaciones Vulnerables y Promoci\u00f3n y Prevenci\u00f3n de Salud.<\/p>\n<p>&nbsp;<\/p>\n<p>\u201cHoy lanzamos este Premio a las Buenas Pr\u00e1cticas en Seguridad Social porque creemos que las buenas acciones deben ser reconocidas, visibilizadas y convertidas en referentes de calidad y buena prestaci\u00f3n de servicio, porque cada esfuerzo por eficientizar los servicios en salud beneficia a millones de personas\u201d, expres\u00f3 el director.<\/p>\n<p>&nbsp;<\/p>\n<p>Destac\u00f3 que parte de la funci\u00f3n de la DIDA adem\u00e1s de orientar, informar y defender los derechos de los afiliados del Sistema Dominicano de Seguridad Social, tambi\u00e9n es el de promover, medir y monitorear la calidad de los servicios en salud, pensiones y riesgos laborales, por lo que han realizado m\u00e1s de 1,700 encuestas a afiliados y alrededor de 600 visita a cl\u00ednicas, hospitales, farmacias, laboratorios, cuyos resultados han permitido realizar recomendaciones de mejoras o ejecutar acciones de defensor\u00edas en favor de los afiliados.<\/p>\n<p>&nbsp;<\/p>\n<p>El funcionario dijo que los interesados pueden postularse desde el 27 de noviembre del 2025 hasta el 28 de febrero del 2026 en la p\u00e1gina https:\/\/www.dida.gob.do<\/p>\n<p>&nbsp;<\/p>\n<p>Mientras que Ketty Wanda Quezada, coordinadora del premio, indic\u00f3 que participar en este premio es una oportunidad para destacar el trabajo bien hecho, para recibir retroalimentaci\u00f3n t\u00e9cnica, y para que los participantes se posicionen como referentes comprometido con el bienestar de los afiliados.<\/p>\n<p>&nbsp;<\/p>\n<p>En tanto que Kinller Moquete, consultor l\u00edder de la firma Agencia Multimedios Sociedad de la Informaci\u00f3n, SRL, destac\u00f3 que \u201cel Premio, sus renglones y sus criterios de evaluaci\u00f3n han sido dise\u00f1ados para asegurar la excelencia en el servicio a los afiliados, promover una sana competencia entre las instituciones y fortalecer de manera sostenible el Sistema Dominicano de Seguridad Social, reconociendo pr\u00e1cticas ejemplares y motivando la mejora continua en beneficio de la ciudadan\u00eda<\/p>\n<p>Departamento de Comunicaciones<\/p>\n<p><img loading=\"lazy\" decoding=\"async\" class=\"alignnone size-medium wp-image-4441\" src=\"https:\/\/periodicolarepublica.com\/wp-content\/uploads\/2025\/11\/IMG-20251128-WA0010-e1764337390617-300x291.jpg\" alt=\"\" width=\"300\" height=\"291\" srcset=\"https:\/\/periodicolarepublica.com\/wp-content\/uploads\/2025\/11\/IMG-20251128-WA0010-e1764337390617-300x291.jpg 300w, https:\/\/periodicolarepublica.com\/wp-content\/uploads\/2025\/11\/IMG-20251128-WA0010-e1764337390617-1024x995.jpg 1024w, https:\/\/periodicolarepublica.com\/wp-content\/uploads\/2025\/11\/IMG-20251128-WA0010-e1764337390617-768x746.jpg 768w, https:\/\/periodicolarepublica.com\/wp-content\/uploads\/2025\/11\/IMG-20251128-WA0010-e1764337390617-1536x1492.jpg 1536w, https:\/\/periodicolarepublica.com\/wp-content\/uploads\/2025\/11\/IMG-20251128-WA0010-e1764337390617-150x146.jpg 150w, https:\/\/periodicolarepublica.com\/wp-content\/uploads\/2025\/11\/IMG-20251128-WA0010-e1764337390617-600x583.jpg 600w, https:\/\/periodicolarepublica.com\/wp-content\/uploads\/2025\/11\/IMG-20251128-WA0010-e1764337390617-696x676.jpg 696w, https:\/\/periodicolarepublica.com\/wp-content\/uploads\/2025\/11\/IMG-20251128-WA0010-e1764337390617-1392x1352.jpg 1392w, https:\/\/periodicolarepublica.com\/wp-content\/uploads\/2025\/11\/IMG-20251128-WA0010-e1764337390617-1068x1037.jpg 1068w, https:\/\/periodicolarepublica.com\/wp-content\/uploads\/2025\/11\/IMG-20251128-WA0010-e1764337390617.jpg 1676w\" sizes=\"auto, (max-width: 300px) 100vw, 300px\" \/><\/p>\n<p>&nbsp;<\/p>\n","protected":false},"excerpt":{"rendered":"<p>La instituci\u00f3n ha realizado m\u00e1s de 1,700 encuestas a afiliados y alrededor de 600 visitas de monitoreo a cl\u00ednicas, hospitales, farmacias, laboratorios para medir calidad en servicios en un a\u00f1o. SANTO DOMINGO, R.D. La Direcci\u00f3n General de Informaci\u00f3n y Defensa de los Afiliados a la Seguridad Social (DIDA) lanz\u00f3 el \u00abPremio a las Buenas Pr\u00e1cticas [&hellip;]<\/p>\n","protected":false},"author":6,"featured_media":4441,"comment_status":"open","ping_status":"open","sticky":false,"template":"","format":"standard","meta":{"om_disable_all_campaigns":false,"_monsterinsights_skip_tracking":false,"_monsterinsights_sitenote_active":false,"_monsterinsights_sitenote_note":"","_monsterinsights_sitenote_category":0,"footnotes":""},"categories":[1],"tags":[486,485],"class_list":{"0":"post-4440","1":"post","2":"type-post","3":"status-publish","4":"format-standard","5":"has-post-thumbnail","7":"category-nacionales","8":"tag-dida","9":"tag-elias-baez"},"aioseo_notices":[],"_links":{"self":[{"href":"https:\/\/periodicolarepublica.com\/index.php\/wp-json\/wp\/v2\/posts\/4440","targetHints":{"allow":["GET"]}}],"collection":[{"href":"https:\/\/periodicolarepublica.com\/index.php\/wp-json\/wp\/v2\/posts"}],"about":[{"href":"https:\/\/periodicolarepublica.com\/index.php\/wp-json\/wp\/v2\/types\/post"}],"author":[{"embeddable":true,"href":"https:\/\/periodicolarepublica.com\/index.php\/wp-json\/wp\/v2\/users\/6"}],"replies":[{"embeddable":true,"href":"https:\/\/periodicolarepublica.com\/index.php\/wp-json\/wp\/v2\/comments?post=4440"}],"version-history":[{"count":1,"href":"https:\/\/periodicolarepublica.com\/index.php\/wp-json\/wp\/v2\/posts\/4440\/revisions"}],"predecessor-version":[{"id":4442,"href":"https:\/\/periodicolarepublica.com\/index.php\/wp-json\/wp\/v2\/posts\/4440\/revisions\/4442"}],"wp:featuredmedia":[{"embeddable":true,"href":"https:\/\/periodicolarepublica.com\/index.php\/wp-json\/wp\/v2\/media\/4441"}],"wp:attachment":[{"href":"https:\/\/periodicolarepublica.com\/index.php\/wp-json\/wp\/v2\/media?parent=4440"}],"wp:term":[{"taxonomy":"category","embeddable":true,"href":"https:\/\/periodicolarepublica.com\/index.php\/wp-json\/wp\/v2\/categories?post=4440"},{"taxonomy":"post_tag","embeddable":true,"href":"https:\/\/periodicolarepublica.com\/index.php\/wp-json\/wp\/v2\/tags?post=4440"}],"curies":[{"name":"wp","href":"https:\/\/api.w.org\/{rel}","templated":true}]}}