{"id":4443,"date":"2025-11-28T09:54:30","date_gmt":"2025-11-28T13:54:30","guid":{"rendered":"https:\/\/periodicolarepublica.com\/?p=4443"},"modified":"2025-11-28T09:54:30","modified_gmt":"2025-11-28T13:54:30","slug":"el-comite-nacional-de-facilitacion-de-la-jac-impulsa-acciones-para-mejorar-experiencia-de-viajeros","status":"publish","type":"post","link":"https:\/\/periodicolarepublica.com\/index.php\/2025\/11\/28\/el-comite-nacional-de-facilitacion-de-la-jac-impulsa-acciones-para-mejorar-experiencia-de-viajeros\/","title":{"rendered":"El Comit\u00e9 Nacional de Facilitaci\u00f3n de la JAC impulsa acciones para mejorar experiencia de viajeros"},"content":{"rendered":"<p>La Junta de Aviaci\u00f3n Civil (JAC) celebr\u00f3 su tercera reuni\u00f3n ordinaria del Comit\u00e9 Nacional de Facilitaci\u00f3n (CNF), un significativo encuentro donde todos sus miembros abordaron y coordinaron puntos clave para modernizar y garantizar una mejor experiencia para los pasajeros.<\/p>\n<p>&nbsp;<\/p>\n<p>El encuentro fue encabezado por H\u00e9ctor Porcella, presidente de la JAC y del CNF, el cual present\u00f3 el borrador del Plan Nacional de Facilitaci\u00f3n del Transporte A\u00e9reo (versi\u00f3n 1.0), que ser\u00e1 ejecutado por la Divisi\u00f3n de Facilitaci\u00f3n de la JAC en coordinaci\u00f3n con todas las instituciones involucradas en el tr\u00e1nsito de pasajeros y carga.<\/p>\n<p>&nbsp;<\/p>\n<p>Este plan tiene como meta principal, simplificar y acelerar el tr\u00e1nsito de pasajeros y carga en todos los aeropuertos del pa\u00eds. Su implementaci\u00f3n estrat\u00e9gica est\u00e1 pautada para iniciar en esta temporada alta de diciembre 2025 enero \u2013 2026, debido a que tradicionalmente, este periodo marca una mayor afluencia de viajeros y un incremento en el movimiento de carga a\u00e9rea debido a las festividades de fin de a\u00f1o.<\/p>\n<p>&nbsp;<\/p>\n<p>Esta estrategia incorpora facilitadores presenciales en los principales aeropuertos del pa\u00eds, un sistema de reporte remoto mediante c\u00f3digo QR y la designaci\u00f3n de puntos focales por instituci\u00f3n a fin de agilizar la gesti\u00f3n de incidencias, conforme a las directrices de la OACI.<\/p>\n<p><img loading=\"lazy\" decoding=\"async\" class=\"alignnone size-medium wp-image-4444\" src=\"https:\/\/periodicolarepublica.com\/wp-content\/uploads\/2025\/11\/Fachada-Junta-de-Aviacion-Civil-JAC-e1764338034369-300x230.jpg\" alt=\"\" width=\"300\" height=\"230\" srcset=\"https:\/\/periodicolarepublica.com\/wp-content\/uploads\/2025\/11\/Fachada-Junta-de-Aviacion-Civil-JAC-e1764338034369-300x230.jpg 300w, https:\/\/periodicolarepublica.com\/wp-content\/uploads\/2025\/11\/Fachada-Junta-de-Aviacion-Civil-JAC-e1764338034369-150x115.jpg 150w, https:\/\/periodicolarepublica.com\/wp-content\/uploads\/2025\/11\/Fachada-Junta-de-Aviacion-Civil-JAC-e1764338034369.jpg 350w\" sizes=\"auto, (max-width: 300px) 100vw, 300px\" \/><\/p>\n<p>&nbsp;<\/p>\n","protected":false},"excerpt":{"rendered":"<p>La Junta de Aviaci\u00f3n Civil (JAC) celebr\u00f3 su tercera reuni\u00f3n ordinaria del Comit\u00e9 Nacional de Facilitaci\u00f3n (CNF), un significativo encuentro donde todos sus miembros abordaron y coordinaron puntos clave para modernizar y garantizar una mejor experiencia para los pasajeros. &nbsp; El encuentro fue encabezado por H\u00e9ctor Porcella, presidente de la JAC y del CNF, el [&hellip;]<\/p>\n","protected":false},"author":6,"featured_media":4444,"comment_status":"open","ping_status":"open","sticky":false,"template":"","format":"standard","meta":{"om_disable_all_campaigns":false,"_monsterinsights_skip_tracking":false,"_monsterinsights_sitenote_active":false,"_monsterinsights_sitenote_note":"","_monsterinsights_sitenote_category":0,"footnotes":""},"categories":[1],"tags":[487],"class_list":{"0":"post-4443","1":"post","2":"type-post","3":"status-publish","4":"format-standard","5":"has-post-thumbnail","7":"category-nacionales","8":"tag-jac"},"aioseo_notices":[],"_links":{"self":[{"href":"https:\/\/periodicolarepublica.com\/index.php\/wp-json\/wp\/v2\/posts\/4443","targetHints":{"allow":["GET"]}}],"collection":[{"href":"https:\/\/periodicolarepublica.com\/index.php\/wp-json\/wp\/v2\/posts"}],"about":[{"href":"https:\/\/periodicolarepublica.com\/index.php\/wp-json\/wp\/v2\/types\/post"}],"author":[{"embeddable":true,"href":"https:\/\/periodicolarepublica.com\/index.php\/wp-json\/wp\/v2\/users\/6"}],"replies":[{"embeddable":true,"href":"https:\/\/periodicolarepublica.com\/index.php\/wp-json\/wp\/v2\/comments?post=4443"}],"version-history":[{"count":1,"href":"https:\/\/periodicolarepublica.com\/index.php\/wp-json\/wp\/v2\/posts\/4443\/revisions"}],"predecessor-version":[{"id":4445,"href":"https:\/\/periodicolarepublica.com\/index.php\/wp-json\/wp\/v2\/posts\/4443\/revisions\/4445"}],"wp:featuredmedia":[{"embeddable":true,"href":"https:\/\/periodicolarepublica.com\/index.php\/wp-json\/wp\/v2\/media\/4444"}],"wp:attachment":[{"href":"https:\/\/periodicolarepublica.com\/index.php\/wp-json\/wp\/v2\/media?parent=4443"}],"wp:term":[{"taxonomy":"category","embeddable":true,"href":"https:\/\/periodicolarepublica.com\/index.php\/wp-json\/wp\/v2\/categories?post=4443"},{"taxonomy":"post_tag","embeddable":true,"href":"https:\/\/periodicolarepublica.com\/index.php\/wp-json\/wp\/v2\/tags?post=4443"}],"curies":[{"name":"wp","href":"https:\/\/api.w.org\/{rel}","templated":true}]}}