{"id":4446,"date":"2025-11-28T15:34:17","date_gmt":"2025-11-28T19:34:17","guid":{"rendered":"https:\/\/periodicolarepublica.com\/?p=4446"},"modified":"2025-11-28T15:34:17","modified_gmt":"2025-11-28T19:34:17","slug":"tomas-hernandez-alberto-desmiente-criticas-y-respalda-con-firmeza-a-abinader-en-acuerdo-rd-ee-uu-contra-el-narcotrafico","status":"publish","type":"post","link":"https:\/\/periodicolarepublica.com\/index.php\/2025\/11\/28\/tomas-hernandez-alberto-desmiente-criticas-y-respalda-con-firmeza-a-abinader-en-acuerdo-rd-ee-uu-contra-el-narcotrafico\/","title":{"rendered":"Tom\u00e1s Hern\u00e1ndez Alberto desmiente cr\u00edticas y respalda con firmeza a Abinader en acuerdo RD\u2013EE.UU. contra el narcotr\u00e1fico"},"content":{"rendered":"<p>Santo Domingo, R.D. \u2014 El presidente del movimiento Poder P\u2019AL Pueblo, Tom\u00e1s Hern\u00e1ndez Alberto, expres\u00f3 hoy su firme y p\u00fablico respaldo al presidente Luis Abinader, ante las cr\u00edticas de algunos sectores que alegan, sin fundamento, que los acuerdos de cooperaci\u00f3n con los Estados Unidos en materia de lucha contra el narcotr\u00e1fico violan la soberan\u00eda nacional.<\/p>\n<p>&nbsp;<\/p>\n<p>Hern\u00e1ndez Alberto calific\u00f3 estas declaraciones como politizaci\u00f3n irresponsable de un tema de seguridad nacional, recordando que en ning\u00fan momento el presidente Abinader ha comprometido la independencia, el control territorial ni las decisiones soberanas de la Rep\u00fablica Dominicana.<\/p>\n<p>&nbsp;<\/p>\n<p>\u201cDecir que estos acuerdos violan la soberan\u00eda es simplemente falso. La Rep\u00fablica Dominicana mantiene el control absoluto de sus aeropuertos, de su territorio y de todas las decisiones estrat\u00e9gicas. El presidente Luis Abinader ha actuado con responsabilidad, transparencia y absoluto respeto a la Constituci\u00f3n\u201d, afirm\u00f3 el l\u00edder del movimiento Poder P\u2019AL Pueblo.<\/p>\n<p>&nbsp;<\/p>\n<p>El dirigente se\u00f1al\u00f3 que el narcotr\u00e1fico es una amenaza global y que se requiere cooperaci\u00f3n real entre pa\u00edses aliados para combatirlo de manera efectiva. \u201cLa seguridad del pueblo dominicano est\u00e1 por encima de intereses pol\u00edticos. Estos acuerdos no entregan soberan\u00eda; fortalecen la capacidad del Estado para enfrentar un mal que no respeta fronteras\u201d, a\u00f1adi\u00f3.<\/p>\n<p>&nbsp;<\/p>\n<p>Hern\u00e1ndez Alberto record\u00f3 que la Rep\u00fablica Dominicana y los Estados Unidos mantienen una colaboraci\u00f3n hist\u00f3rica en temas de seguridad, cooperaci\u00f3n que ha permitido importantes avances en decomisos, operativos conjuntos y vigilancia a\u00e9rea y mar\u00edtima. \u201cHoy lo que est\u00e1 haciendo el presidente Abinader es continuar esa cooperaci\u00f3n tradicional, pero con mayor firmeza y mejor estrategia\u201d, puntualiz\u00f3.<\/p>\n<p>&nbsp;<\/p>\n<p>Asimismo, destac\u00f3 que quienes atacan estos acuerdos desconocen o deciden ignorar el impacto del narcotr\u00e1fico en la regi\u00f3n, especialmente cuando muchos de los carteles operan desde pa\u00edses gobernados por reg\u00edmenes dictatoriales que facilitan estas redes criminales.<\/p>\n<p>&nbsp;<\/p>\n<p>\u201cEl presidente Abinader no solo protege la soberan\u00eda; protege la vida, la tranquilidad y el futuro de las familias dominicanas. Poder P\u2019AL Pueblo respalda totalmente su determinaci\u00f3n y rechaza las cr\u00edticas mal intencionadas que buscan confundir a la poblaci\u00f3n\u201d, concluy\u00f3.<img loading=\"lazy\" decoding=\"async\" class=\"size-medium wp-image-3297 alignright\" src=\"https:\/\/periodicolarepublica.com\/wp-content\/uploads\/2025\/05\/IMG_20250516_084326-300x184.jpg\" alt=\"\" width=\"300\" height=\"184\" srcset=\"https:\/\/periodicolarepublica.com\/wp-content\/uploads\/2025\/05\/IMG_20250516_084326-300x184.jpg?v=1747404734 300w, https:\/\/periodicolarepublica.com\/wp-content\/uploads\/2025\/05\/IMG_20250516_084326-768x472.jpg?v=1747404734 768w, https:\/\/periodicolarepublica.com\/wp-content\/uploads\/2025\/05\/IMG_20250516_084326-150x92.jpg?v=1747404734 150w, https:\/\/periodicolarepublica.com\/wp-content\/uploads\/2025\/05\/IMG_20250516_084326-600x368.jpg?v=1747404734 600w, https:\/\/periodicolarepublica.com\/wp-content\/uploads\/2025\/05\/IMG_20250516_084326-696x427.jpg?v=1747404734 696w, https:\/\/periodicolarepublica.com\/wp-content\/uploads\/2025\/05\/IMG_20250516_084326.jpg?v=1747404734 961w\" sizes=\"auto, (max-width: 300px) 100vw, 300px\" \/><\/p>\n","protected":false},"excerpt":{"rendered":"<p>Santo Domingo, R.D. \u2014 El presidente del movimiento Poder P\u2019AL Pueblo, Tom\u00e1s Hern\u00e1ndez Alberto, expres\u00f3 hoy su firme y p\u00fablico respaldo al presidente Luis Abinader, ante las cr\u00edticas de algunos sectores que alegan, sin fundamento, que los acuerdos de cooperaci\u00f3n con los Estados Unidos en materia de lucha contra el narcotr\u00e1fico violan la soberan\u00eda nacional. [&hellip;]<\/p>\n","protected":false},"author":10,"featured_media":3297,"comment_status":"open","ping_status":"open","sticky":false,"template":"","format":"standard","meta":{"om_disable_all_campaigns":false,"_monsterinsights_skip_tracking":false,"_monsterinsights_sitenote_active":false,"_monsterinsights_sitenote_note":"","_monsterinsights_sitenote_category":0,"footnotes":""},"categories":[1],"tags":[163],"class_list":{"0":"post-4446","1":"post","2":"type-post","3":"status-publish","4":"format-standard","5":"has-post-thumbnail","7":"category-nacionales","8":"tag-tomas-hernandez-alberto"},"aioseo_notices":[],"_links":{"self":[{"href":"https:\/\/periodicolarepublica.com\/index.php\/wp-json\/wp\/v2\/posts\/4446","targetHints":{"allow":["GET"]}}],"collection":[{"href":"https:\/\/periodicolarepublica.com\/index.php\/wp-json\/wp\/v2\/posts"}],"about":[{"href":"https:\/\/periodicolarepublica.com\/index.php\/wp-json\/wp\/v2\/types\/post"}],"author":[{"embeddable":true,"href":"https:\/\/periodicolarepublica.com\/index.php\/wp-json\/wp\/v2\/users\/10"}],"replies":[{"embeddable":true,"href":"https:\/\/periodicolarepublica.com\/index.php\/wp-json\/wp\/v2\/comments?post=4446"}],"version-history":[{"count":1,"href":"https:\/\/periodicolarepublica.com\/index.php\/wp-json\/wp\/v2\/posts\/4446\/revisions"}],"predecessor-version":[{"id":4447,"href":"https:\/\/periodicolarepublica.com\/index.php\/wp-json\/wp\/v2\/posts\/4446\/revisions\/4447"}],"wp:featuredmedia":[{"embeddable":true,"href":"https:\/\/periodicolarepublica.com\/index.php\/wp-json\/wp\/v2\/media\/3297"}],"wp:attachment":[{"href":"https:\/\/periodicolarepublica.com\/index.php\/wp-json\/wp\/v2\/media?parent=4446"}],"wp:term":[{"taxonomy":"category","embeddable":true,"href":"https:\/\/periodicolarepublica.com\/index.php\/wp-json\/wp\/v2\/categories?post=4446"},{"taxonomy":"post_tag","embeddable":true,"href":"https:\/\/periodicolarepublica.com\/index.php\/wp-json\/wp\/v2\/tags?post=4446"}],"curies":[{"name":"wp","href":"https:\/\/api.w.org\/{rel}","templated":true}]}}