{"id":445,"date":"2024-03-06T03:22:00","date_gmt":"2024-03-06T02:22:00","guid":{"rendered":"https:\/\/periodicolarepublica.com\/?p=445"},"modified":"2024-03-06T03:22:00","modified_gmt":"2024-03-06T02:22:00","slug":"confirmada-la-candidatura-a-diputado-de-hector-luis-bautista-por-el-prm-por-la-circunscripcion-5-en-pantoja","status":"publish","type":"post","link":"https:\/\/periodicolarepublica.com\/index.php\/2024\/03\/06\/confirmada-la-candidatura-a-diputado-de-hector-luis-bautista-por-el-prm-por-la-circunscripcion-5-en-pantoja\/","title":{"rendered":"Confirmada la Candidatura a Diputado de H\u00e9ctor Luis Bautista por el PRM por la Circunscripci\u00f3n #5, en Pantoja."},"content":{"rendered":"<p><img loading=\"lazy\" decoding=\"async\" class=\"alignnone size-medium wp-image-446\" src=\"https:\/\/periodicolarepublica.com\/wp-content\/uploads\/2024\/03\/IMG-20240305-WA0070-300x214.jpg\" alt=\"\" width=\"300\" height=\"214\" srcset=\"https:\/\/periodicolarepublica.com\/wp-content\/uploads\/2024\/03\/IMG-20240305-WA0070-300x214.jpg?v=1715379812 300w, https:\/\/periodicolarepublica.com\/wp-content\/uploads\/2024\/03\/IMG-20240305-WA0070-1024x731.jpg?v=1715379812 1024w, https:\/\/periodicolarepublica.com\/wp-content\/uploads\/2024\/03\/IMG-20240305-WA0070-768x548.jpg?v=1715379812 768w, https:\/\/periodicolarepublica.com\/wp-content\/uploads\/2024\/03\/IMG-20240305-WA0070-150x107.jpg?v=1715379812 150w, https:\/\/periodicolarepublica.com\/wp-content\/uploads\/2024\/03\/IMG-20240305-WA0070-600x428.jpg?v=1715379812 600w, https:\/\/periodicolarepublica.com\/wp-content\/uploads\/2024\/03\/IMG-20240305-WA0070-696x497.jpg?v=1715379812 696w, https:\/\/periodicolarepublica.com\/wp-content\/uploads\/2024\/03\/IMG-20240305-WA0070-1068x763.jpg?v=1715379812 1068w, https:\/\/periodicolarepublica.com\/wp-content\/uploads\/2024\/03\/IMG-20240305-WA0070-100x70.jpg?v=1715379812 100w, https:\/\/periodicolarepublica.com\/wp-content\/uploads\/2024\/03\/IMG-20240305-WA0070.jpg?v=1715379812 1280w\" sizes=\"auto, (max-width: 300px) 100vw, 300px\" \/><\/p>\n<p>El Partido Revolucionario Moderno (PRM) ha ratificado oficialmente la candidatura de H\u00e9ctor Luis Bautista para ocupar un puesto como diputado en la Circunscripci\u00f3n #5. Esta confirmaci\u00f3n ha sido recibida con entusiasmo por parte de los seguidores y simpatizantes del partido en Santo Domingo Oeste.<\/p>\n<p>H\u00e9ctor Luis Bautista es el candidato m\u00e1s joven en su demarcaci\u00f3n y cuenta con una destacada trayectoria en el \u00e1mbito pol\u00edtico y social. Ha sido seleccionado como el representante id\u00f3neo para llevar las demandas y necesidades de la Circunscripci\u00f3n #5 ante el congreso. Su compromiso con el desarrollo y bienestar de la comunidad ha sido reconocido por diversos sectores de Santo Domingo, lo que le ha valido el respaldo y apoyo de una amplia base de votantes en las primarias; solo estamos esperando las elecciones presidenciales para desarrollar todas mis propuesta, resalt\u00f3 el candidato.<\/p>\n<p>Despu\u00e9s de ganar la encuesta en la Circunscripci\u00f3n 5 de la provincia Santo Domingo con una gran cantidad de votos, H\u00e9ctor Luis Bautista se mostr\u00f3 seguro de mantener su posici\u00f3n de cara a las elecciones del domingo 19 de mayo. En sus palabras de agradecimiento, destac\u00f3 el respaldo recibido y reafirm\u00f3 su compromiso de seguir trabajando para todos los residentes de Santo Domingo Oeste, respaldando la gesti\u00f3n del presidente Luis Abinader.<\/p>\n<p>La confirmaci\u00f3n de la candidatura de Bautista resalta el compromiso del PRM por impulsar figuras con experiencia, integridad y capacidad de gesti\u00f3n en sus filas. Se espera que su postulaci\u00f3n fortalezca la presencia del partido en la regi\u00f3n y contribuya al avance de las pol\u00edticas y proyectos que beneficien a sus habitantes.<\/p>\n<p>Con esta decisi\u00f3n, el PRM demuestra su firme determinaci\u00f3n de consolidar su posici\u00f3n como una fuerza pol\u00edtica relevante y comprometida con el bienestar de la sociedad dominicana. La candidatura de H\u00e9ctor Luis Bautista promete ser un factor determinante en el panorama pol\u00edtico de la Circunscripci\u00f3n #5, y se espera que su liderazgo y dedicaci\u00f3n contribuyan al desarrollo y prosperidad de la regi\u00f3n.<\/p>\n","protected":false},"excerpt":{"rendered":"<p>El Partido Revolucionario Moderno (PRM) ha ratificado oficialmente la candidatura de H\u00e9ctor Luis Bautista para ocupar un puesto como diputado en la Circunscripci\u00f3n #5. Esta confirmaci\u00f3n ha sido recibida con entusiasmo por parte de los seguidores y simpatizantes del partido en Santo Domingo Oeste. H\u00e9ctor Luis Bautista es el candidato m\u00e1s joven en su demarcaci\u00f3n [&hellip;]<\/p>\n","protected":false},"author":2,"featured_media":446,"comment_status":"open","ping_status":"open","sticky":false,"template":"","format":"standard","meta":{"om_disable_all_campaigns":false,"_monsterinsights_skip_tracking":false,"_monsterinsights_sitenote_active":false,"_monsterinsights_sitenote_note":"","_monsterinsights_sitenote_category":0,"footnotes":""},"categories":[127],"tags":[134,133,85,132,92],"class_list":{"0":"post-445","1":"post","2":"type-post","3":"status-publish","4":"format-standard","5":"has-post-thumbnail","7":"category-politica","8":"tag-diputado","9":"tag-hector-luis-batista","10":"tag-luis-abinader","11":"tag-pantoja","12":"tag-prm"},"aioseo_notices":[],"_links":{"self":[{"href":"https:\/\/periodicolarepublica.com\/index.php\/wp-json\/wp\/v2\/posts\/445","targetHints":{"allow":["GET"]}}],"collection":[{"href":"https:\/\/periodicolarepublica.com\/index.php\/wp-json\/wp\/v2\/posts"}],"about":[{"href":"https:\/\/periodicolarepublica.com\/index.php\/wp-json\/wp\/v2\/types\/post"}],"author":[{"embeddable":true,"href":"https:\/\/periodicolarepublica.com\/index.php\/wp-json\/wp\/v2\/users\/2"}],"replies":[{"embeddable":true,"href":"https:\/\/periodicolarepublica.com\/index.php\/wp-json\/wp\/v2\/comments?post=445"}],"version-history":[{"count":1,"href":"https:\/\/periodicolarepublica.com\/index.php\/wp-json\/wp\/v2\/posts\/445\/revisions"}],"predecessor-version":[{"id":447,"href":"https:\/\/periodicolarepublica.com\/index.php\/wp-json\/wp\/v2\/posts\/445\/revisions\/447"}],"wp:featuredmedia":[{"embeddable":true,"href":"https:\/\/periodicolarepublica.com\/index.php\/wp-json\/wp\/v2\/media\/446"}],"wp:attachment":[{"href":"https:\/\/periodicolarepublica.com\/index.php\/wp-json\/wp\/v2\/media?parent=445"}],"wp:term":[{"taxonomy":"category","embeddable":true,"href":"https:\/\/periodicolarepublica.com\/index.php\/wp-json\/wp\/v2\/categories?post=445"},{"taxonomy":"post_tag","embeddable":true,"href":"https:\/\/periodicolarepublica.com\/index.php\/wp-json\/wp\/v2\/tags?post=445"}],"curies":[{"name":"wp","href":"https:\/\/api.w.org\/{rel}","templated":true}]}}