{"id":4455,"date":"2025-11-29T09:06:34","date_gmt":"2025-11-29T13:06:34","guid":{"rendered":"https:\/\/periodicolarepublica.com\/?p=4455"},"modified":"2025-11-29T09:06:34","modified_gmt":"2025-11-29T13:06:34","slug":"el-lider-del-movimiento-politico-poder-pal-pueblo-ing-tomas-hernandez-alberto-lanza-una-advertencia-a-la-junta-central-electoral","status":"publish","type":"post","link":"https:\/\/periodicolarepublica.com\/index.php\/2025\/11\/29\/el-lider-del-movimiento-politico-poder-pal-pueblo-ing-tomas-hernandez-alberto-lanza-una-advertencia-a-la-junta-central-electoral\/","title":{"rendered":"El l\u00edder del movimiento pol\u00edtico Poder P\u2019al Pueblo, Ing. Tom\u00e1s Hern\u00e1ndez Alberto, lanza una advertencia\u00a0 a la Junta Central Electoral"},"content":{"rendered":"<p>&nbsp;<\/p>\n<p>\u201cTodos sabemos que esta convocatoria es completamente pol\u00edtica, pues proviene de un partido que intenta justificarla con argumentos poco cre\u00edbles\u201d, a\u00f1adi\u00f3.<\/p>\n<p>Santo Domingo. \u2013 El l\u00edder del movimiento pol\u00edtico Poder P\u2019al Pueblo, Ing. Tom\u00e1s Hern\u00e1ndez Alberto, lanz\u00f3 una advertencia contundente a la Junta Central Electoral (JCE) ante la caminata anunciada por la Fuerza del Pueblo para este domingo 30, calific\u00e1ndola como una violaci\u00f3n flagrante de la Ley Electoral y un desaf\u00edo directo a la autoridad del \u00f3rgano comicial.<\/p>\n<p>&nbsp;<\/p>\n<p>Hern\u00e1ndez Alberto denunci\u00f3 que esta convocatoria representa una falta de respeto inaceptable hacia la JCE, que a\u00fan no ha autorizado el inicio oficial de la campa\u00f1a electoral. Se\u00f1al\u00f3 adem\u00e1s que la Fuerza del Pueblo estar\u00eda intentando crear un ambiente de desorden para obtener ventajas pol\u00edticas al margen de las reglas establecidas.<\/p>\n<p>&nbsp;<\/p>\n<p>\u201cEsto no es una simple actividad. Es una acci\u00f3n ilegal, provocadora y abiertamente desafiante a la autoridad electoral. Nadie puede pretender imponer su voluntad por encima de la ley. Si la Junta no act\u00faa ahora, estar\u00eda enviando el mensaje de que cualquiera puede hacer lo que quiera\u201d, afirm\u00f3 con firmeza.<\/p>\n<p>&nbsp;<\/p>\n<p>El dirigente subray\u00f3 que la caminata no solo contraviene la Ley Electoral, sino que tambi\u00e9n vulnera la Constituci\u00f3n, espec\u00edficamente el art\u00edculo 46, que garantiza el libre tr\u00e1nsito en las v\u00edas p\u00fablicas. \u201cNo pueden bloquear el derecho del pueblo a desplazarse libremente para promover un acto pol\u00edtico que ni siquiera es legal\u201d, advirti\u00f3.<\/p>\n<p>&nbsp;<\/p>\n<p>El Ing. Tom\u00e1s Hern\u00e1ndez Alberto exhort\u00f3 a la JCE a intervenir de inmediato, detener esta actividad irregular y hacer cumplir la ley sin privilegios ni excepciones.<\/p>\n<p>&nbsp;<\/p>\n<p>\u201cLa democracia no se negocia, no se manipula y no se pisotea. Quien viola la ley, desaf\u00eda al pa\u00eds. Y el pa\u00eds no puede quedarse callado\u201d, concluy\u00f3.<img loading=\"lazy\" decoding=\"async\" class=\"size-medium wp-image-3835 alignright\" src=\"https:\/\/periodicolarepublica.com\/wp-content\/uploads\/2025\/08\/IMG_20250802_134733-300x184.jpg\" alt=\"\" width=\"300\" height=\"184\" srcset=\"https:\/\/periodicolarepublica.com\/wp-content\/uploads\/2025\/08\/IMG_20250802_134733-300x184.jpg?v=1754227008 300w, https:\/\/periodicolarepublica.com\/wp-content\/uploads\/2025\/08\/IMG_20250802_134733-1024x629.jpg?v=1754227008 1024w, https:\/\/periodicolarepublica.com\/wp-content\/uploads\/2025\/08\/IMG_20250802_134733-768x472.jpg?v=1754227008 768w, https:\/\/periodicolarepublica.com\/wp-content\/uploads\/2025\/08\/IMG_20250802_134733-1536x944.jpg?v=1754227008 1536w, https:\/\/periodicolarepublica.com\/wp-content\/uploads\/2025\/08\/IMG_20250802_134733-150x92.jpg?v=1754227008 150w, https:\/\/periodicolarepublica.com\/wp-content\/uploads\/2025\/08\/IMG_20250802_134733-600x369.jpg?v=1754227008 600w, https:\/\/periodicolarepublica.com\/wp-content\/uploads\/2025\/08\/IMG_20250802_134733-696x428.jpg?v=1754227008 696w, https:\/\/periodicolarepublica.com\/wp-content\/uploads\/2025\/08\/IMG_20250802_134733-1392x855.jpg?v=1754227008 1392w, https:\/\/periodicolarepublica.com\/wp-content\/uploads\/2025\/08\/IMG_20250802_134733-1068x656.jpg?v=1754227008 1068w, https:\/\/periodicolarepublica.com\/wp-content\/uploads\/2025\/08\/IMG_20250802_134733-1920x1179.jpg?v=1754227008 1920w, https:\/\/periodicolarepublica.com\/wp-content\/uploads\/2025\/08\/IMG_20250802_134733.jpg?v=1754227008 2048w\" sizes=\"auto, (max-width: 300px) 100vw, 300px\" \/><\/p>\n","protected":false},"excerpt":{"rendered":"<p>&nbsp; \u201cTodos sabemos que esta convocatoria es completamente pol\u00edtica, pues proviene de un partido que intenta justificarla con argumentos poco cre\u00edbles\u201d, a\u00f1adi\u00f3. Santo Domingo. \u2013 El l\u00edder del movimiento pol\u00edtico Poder P\u2019al Pueblo, Ing. Tom\u00e1s Hern\u00e1ndez Alberto, lanz\u00f3 una advertencia contundente a la Junta Central Electoral (JCE) ante la caminata anunciada por la Fuerza del [&hellip;]<\/p>\n","protected":false},"author":10,"featured_media":3835,"comment_status":"open","ping_status":"open","sticky":false,"template":"","format":"standard","meta":{"om_disable_all_campaigns":false,"_monsterinsights_skip_tracking":false,"_monsterinsights_sitenote_active":false,"_monsterinsights_sitenote_note":"","_monsterinsights_sitenote_category":0,"footnotes":""},"categories":[1],"tags":[163],"class_list":{"0":"post-4455","1":"post","2":"type-post","3":"status-publish","4":"format-standard","5":"has-post-thumbnail","7":"category-nacionales","8":"tag-tomas-hernandez-alberto"},"aioseo_notices":[],"_links":{"self":[{"href":"https:\/\/periodicolarepublica.com\/index.php\/wp-json\/wp\/v2\/posts\/4455","targetHints":{"allow":["GET"]}}],"collection":[{"href":"https:\/\/periodicolarepublica.com\/index.php\/wp-json\/wp\/v2\/posts"}],"about":[{"href":"https:\/\/periodicolarepublica.com\/index.php\/wp-json\/wp\/v2\/types\/post"}],"author":[{"embeddable":true,"href":"https:\/\/periodicolarepublica.com\/index.php\/wp-json\/wp\/v2\/users\/10"}],"replies":[{"embeddable":true,"href":"https:\/\/periodicolarepublica.com\/index.php\/wp-json\/wp\/v2\/comments?post=4455"}],"version-history":[{"count":1,"href":"https:\/\/periodicolarepublica.com\/index.php\/wp-json\/wp\/v2\/posts\/4455\/revisions"}],"predecessor-version":[{"id":4456,"href":"https:\/\/periodicolarepublica.com\/index.php\/wp-json\/wp\/v2\/posts\/4455\/revisions\/4456"}],"wp:featuredmedia":[{"embeddable":true,"href":"https:\/\/periodicolarepublica.com\/index.php\/wp-json\/wp\/v2\/media\/3835"}],"wp:attachment":[{"href":"https:\/\/periodicolarepublica.com\/index.php\/wp-json\/wp\/v2\/media?parent=4455"}],"wp:term":[{"taxonomy":"category","embeddable":true,"href":"https:\/\/periodicolarepublica.com\/index.php\/wp-json\/wp\/v2\/categories?post=4455"},{"taxonomy":"post_tag","embeddable":true,"href":"https:\/\/periodicolarepublica.com\/index.php\/wp-json\/wp\/v2\/tags?post=4455"}],"curies":[{"name":"wp","href":"https:\/\/api.w.org\/{rel}","templated":true}]}}