{"id":4457,"date":"2025-11-29T12:20:31","date_gmt":"2025-11-29T16:20:31","guid":{"rendered":"https:\/\/periodicolarepublica.com\/?p=4457"},"modified":"2025-11-29T12:21:25","modified_gmt":"2025-11-29T16:21:25","slug":"dr-adolfo-portes-alcantara-vicepresidente-del-movimiento-poder-pal-pueblo-hace-llamado-a-la-militancia-a-integrarse-activamente-a-la-gran-jornada-de-verificacion-del-prm","status":"publish","type":"post","link":"https:\/\/periodicolarepublica.com\/index.php\/2025\/11\/29\/dr-adolfo-portes-alcantara-vicepresidente-del-movimiento-poder-pal-pueblo-hace-llamado-a-la-militancia-a-integrarse-activamente-a-la-gran-jornada-de-verificacion-del-prm\/","title":{"rendered":"Dr. Adolfo Portes Alc\u00e1ntara, vicepresidente  Poder P\u2019AL Pueblo, hace llamado a la militancia a integrarse  a la gran jornada de verificaci\u00f3n del PRM"},"content":{"rendered":"<p>&nbsp;<\/p>\n<p>Santo Domingo -El vicepresidente del movimiento pol\u00edtico Poder P\u2019AL Pueblo, Dr. Adolfo Portes Alc\u00e1ntara, exhort\u00f3 este s\u00e1bado a todos los miembros, simpatizantes y equipos territoriales de la organizaci\u00f3n a participar de manera activa y disciplinada en la gran jornada de verificaci\u00f3n que desarrolla el Partido Revolucionario Moderno (PRM) en todo el pa\u00eds.<\/p>\n<p>&nbsp;<\/p>\n<p>Portes Alc\u00e1ntara destac\u00f3 que esta jornada constituye un paso determinante para continuar fortaleciendo la maquinaria electoral del PRM, garantizando organizaci\u00f3n, unidad y un trabajo coordinado en cada provincia, municipio y distrito municipal.<\/p>\n<p>&nbsp;<\/p>\n<p>\u201cHacemos un llamado firme y decidido a toda nuestra militancia: este es el momento de demostrar el compromiso y la lealtad con nuestro partido y con el liderazgo que encarna el presidente Luis Abinader. La verificaci\u00f3n es una tarea fundamental para asegurar el crecimiento sostenido de nuestra organizaci\u00f3n y para seguir construyendo un pa\u00eds m\u00e1s justo y m\u00e1s pr\u00f3spero\u201d, expres\u00f3.<\/p>\n<p>&nbsp;<\/p>\n<p>El dirigente resalt\u00f3 que el movimiento Poder P\u2019AL Pueblo se mantiene movilizado en todos los territorios, acompa\u00f1ando al PRM en esta etapa estrat\u00e9gica, reafirmando su disposici\u00f3n de aportar con trabajo, entrega y disciplina a la consolidaci\u00f3n del partido.<\/p>\n<p>&nbsp;<\/p>\n<p>Portes Alc\u00e1ntara concluy\u00f3 afirmando que la jornada de verificaci\u00f3n \u201ces una muestra de que seguimos unidos, fuertes y en crecimiento\u201d, invitando nuevamente a la base a acudir masivamente para cumplir con esta responsabilidad partidaria.<img loading=\"lazy\" decoding=\"async\" class=\"size-medium wp-image-4458 alignright\" src=\"https:\/\/periodicolarepublica.com\/wp-content\/uploads\/2025\/11\/IMG_20251129_121841-300x253.jpg\" alt=\"\" width=\"300\" height=\"253\" srcset=\"https:\/\/periodicolarepublica.com\/wp-content\/uploads\/2025\/11\/IMG_20251129_121841-300x253.jpg?v=1764433222 300w, https:\/\/periodicolarepublica.com\/wp-content\/uploads\/2025\/11\/IMG_20251129_121841-768x648.jpg?v=1764433222 768w, https:\/\/periodicolarepublica.com\/wp-content\/uploads\/2025\/11\/IMG_20251129_121841-150x127.jpg?v=1764433222 150w, https:\/\/periodicolarepublica.com\/wp-content\/uploads\/2025\/11\/IMG_20251129_121841-600x506.jpg?v=1764433222 600w, https:\/\/periodicolarepublica.com\/wp-content\/uploads\/2025\/11\/IMG_20251129_121841-696x587.jpg?v=1764433222 696w, https:\/\/periodicolarepublica.com\/wp-content\/uploads\/2025\/11\/IMG_20251129_121841.jpg?v=1764433222 960w\" sizes=\"auto, (max-width: 300px) 100vw, 300px\" \/><\/p>\n","protected":false},"excerpt":{"rendered":"<p>&nbsp; Santo Domingo -El vicepresidente del movimiento pol\u00edtico Poder P\u2019AL Pueblo, Dr. Adolfo Portes Alc\u00e1ntara, exhort\u00f3 este s\u00e1bado a todos los miembros, simpatizantes y equipos territoriales de la organizaci\u00f3n a participar de manera activa y disciplinada en la gran jornada de verificaci\u00f3n que desarrolla el Partido Revolucionario Moderno (PRM) en todo el pa\u00eds. &nbsp; Portes [&hellip;]<\/p>\n","protected":false},"author":10,"featured_media":4458,"comment_status":"open","ping_status":"open","sticky":false,"template":"","format":"standard","meta":{"om_disable_all_campaigns":false,"_monsterinsights_skip_tracking":false,"_monsterinsights_sitenote_active":false,"_monsterinsights_sitenote_note":"","_monsterinsights_sitenote_category":0,"footnotes":""},"categories":[1],"tags":[],"class_list":{"0":"post-4457","1":"post","2":"type-post","3":"status-publish","4":"format-standard","5":"has-post-thumbnail","7":"category-nacionales"},"aioseo_notices":[],"_links":{"self":[{"href":"https:\/\/periodicolarepublica.com\/index.php\/wp-json\/wp\/v2\/posts\/4457","targetHints":{"allow":["GET"]}}],"collection":[{"href":"https:\/\/periodicolarepublica.com\/index.php\/wp-json\/wp\/v2\/posts"}],"about":[{"href":"https:\/\/periodicolarepublica.com\/index.php\/wp-json\/wp\/v2\/types\/post"}],"author":[{"embeddable":true,"href":"https:\/\/periodicolarepublica.com\/index.php\/wp-json\/wp\/v2\/users\/10"}],"replies":[{"embeddable":true,"href":"https:\/\/periodicolarepublica.com\/index.php\/wp-json\/wp\/v2\/comments?post=4457"}],"version-history":[{"count":2,"href":"https:\/\/periodicolarepublica.com\/index.php\/wp-json\/wp\/v2\/posts\/4457\/revisions"}],"predecessor-version":[{"id":4460,"href":"https:\/\/periodicolarepublica.com\/index.php\/wp-json\/wp\/v2\/posts\/4457\/revisions\/4460"}],"wp:featuredmedia":[{"embeddable":true,"href":"https:\/\/periodicolarepublica.com\/index.php\/wp-json\/wp\/v2\/media\/4458"}],"wp:attachment":[{"href":"https:\/\/periodicolarepublica.com\/index.php\/wp-json\/wp\/v2\/media?parent=4457"}],"wp:term":[{"taxonomy":"category","embeddable":true,"href":"https:\/\/periodicolarepublica.com\/index.php\/wp-json\/wp\/v2\/categories?post=4457"},{"taxonomy":"post_tag","embeddable":true,"href":"https:\/\/periodicolarepublica.com\/index.php\/wp-json\/wp\/v2\/tags?post=4457"}],"curies":[{"name":"wp","href":"https:\/\/api.w.org\/{rel}","templated":true}]}}