{"id":4463,"date":"2025-11-30T08:15:01","date_gmt":"2025-11-30T12:15:01","guid":{"rendered":"https:\/\/periodicolarepublica.com\/?p=4463"},"modified":"2025-11-30T08:15:01","modified_gmt":"2025-11-30T12:15:01","slug":"inespre-da-inicio-en-los-frailes-al-programa-grandes-ferias-de-productores-como-parte-de-la-brisita-navidena","status":"publish","type":"post","link":"https:\/\/periodicolarepublica.com\/index.php\/2025\/11\/30\/inespre-da-inicio-en-los-frailes-al-programa-grandes-ferias-de-productores-como-parte-de-la-brisita-navidena\/","title":{"rendered":"Inespre da inicio en Los Frailes al programa Grandes Ferias de Productores, como parte de la Brisita Navide\u00f1a"},"content":{"rendered":"<p>El Instituto de Estabilizaci\u00f3n de Precios (Inespre) dio inicio este s\u00e1bado al programa \u201cGrandes Ferias Agropecuarias\u201d, que forma parte del proyecto La Brisita Navide\u00f1a, ejecutado por la Presidencia de la Rep\u00fablica a trav\u00e9s de distintas instituciones.<\/p>\n<p>El programa de venta de alimentos a bajos precios se lleva a cabo hasta este domingo 30 de noviembre en el Play San Bartolo, donde el organismo pondr\u00e1 a disposici\u00f3n de la poblaci\u00f3n una amplia variedad de productos sin costo de intermediaci\u00f3n.<\/p>\n<p>Estar\u00e1 abierta al p\u00fablico de nueve de la ma\u00f1ana a seis de la tarde, estuvo encabezada por el director de la entidad, David Herrera D\u00edaz, quien inform\u00f3 que este programa, motivado por las festividades navide\u00f1as, se desarrollar\u00e1 en nueve localidades.<\/p>\n<figure id=\"attachment_4464\" aria-describedby=\"caption-attachment-4464\" style=\"width: 300px\" class=\"wp-caption alignnone\"><img loading=\"lazy\" decoding=\"async\" class=\"size-medium wp-image-4464\" src=\"https:\/\/periodicolarepublica.com\/wp-content\/uploads\/2025\/11\/images-35-300x300.jpeg\" alt=\"\" width=\"300\" height=\"300\" srcset=\"https:\/\/periodicolarepublica.com\/wp-content\/uploads\/2025\/11\/images-35-300x300.jpeg 300w, https:\/\/periodicolarepublica.com\/wp-content\/uploads\/2025\/11\/images-35-150x150.jpeg 150w, https:\/\/periodicolarepublica.com\/wp-content\/uploads\/2025\/11\/images-35.jpeg 447w\" sizes=\"auto, (max-width: 300px) 100vw, 300px\" \/><figcaption id=\"caption-attachment-4464\" class=\"wp-caption-text\">Inespre<\/figcaption><\/figure>\n","protected":false},"excerpt":{"rendered":"<p>El Instituto de Estabilizaci\u00f3n de Precios (Inespre) dio inicio este s\u00e1bado al programa \u201cGrandes Ferias Agropecuarias\u201d, que forma parte del proyecto La Brisita Navide\u00f1a, ejecutado por la Presidencia de la Rep\u00fablica a trav\u00e9s de distintas instituciones. El programa de venta de alimentos a bajos precios se lleva a cabo hasta este domingo 30 de noviembre [&hellip;]<\/p>\n","protected":false},"author":6,"featured_media":4464,"comment_status":"open","ping_status":"open","sticky":false,"template":"","format":"standard","meta":{"om_disable_all_campaigns":false,"_monsterinsights_skip_tracking":false,"_monsterinsights_sitenote_active":false,"_monsterinsights_sitenote_note":"","_monsterinsights_sitenote_category":0,"footnotes":""},"categories":[1],"tags":[488],"class_list":{"0":"post-4463","1":"post","2":"type-post","3":"status-publish","4":"format-standard","5":"has-post-thumbnail","7":"category-nacionales","8":"tag-inespre"},"aioseo_notices":[],"_links":{"self":[{"href":"https:\/\/periodicolarepublica.com\/index.php\/wp-json\/wp\/v2\/posts\/4463","targetHints":{"allow":["GET"]}}],"collection":[{"href":"https:\/\/periodicolarepublica.com\/index.php\/wp-json\/wp\/v2\/posts"}],"about":[{"href":"https:\/\/periodicolarepublica.com\/index.php\/wp-json\/wp\/v2\/types\/post"}],"author":[{"embeddable":true,"href":"https:\/\/periodicolarepublica.com\/index.php\/wp-json\/wp\/v2\/users\/6"}],"replies":[{"embeddable":true,"href":"https:\/\/periodicolarepublica.com\/index.php\/wp-json\/wp\/v2\/comments?post=4463"}],"version-history":[{"count":1,"href":"https:\/\/periodicolarepublica.com\/index.php\/wp-json\/wp\/v2\/posts\/4463\/revisions"}],"predecessor-version":[{"id":4465,"href":"https:\/\/periodicolarepublica.com\/index.php\/wp-json\/wp\/v2\/posts\/4463\/revisions\/4465"}],"wp:featuredmedia":[{"embeddable":true,"href":"https:\/\/periodicolarepublica.com\/index.php\/wp-json\/wp\/v2\/media\/4464"}],"wp:attachment":[{"href":"https:\/\/periodicolarepublica.com\/index.php\/wp-json\/wp\/v2\/media?parent=4463"}],"wp:term":[{"taxonomy":"category","embeddable":true,"href":"https:\/\/periodicolarepublica.com\/index.php\/wp-json\/wp\/v2\/categories?post=4463"},{"taxonomy":"post_tag","embeddable":true,"href":"https:\/\/periodicolarepublica.com\/index.php\/wp-json\/wp\/v2\/tags?post=4463"}],"curies":[{"name":"wp","href":"https:\/\/api.w.org\/{rel}","templated":true}]}}