{"id":4467,"date":"2025-11-30T08:18:44","date_gmt":"2025-11-30T12:18:44","guid":{"rendered":"https:\/\/periodicolarepublica.com\/?p=4467"},"modified":"2025-11-30T08:18:44","modified_gmt":"2025-11-30T12:18:44","slug":"propeep-habilita-espacio-ruinas-iglesia-las-mercedes-para-proyecto-tras-los-restos-del-cacique-enriquillo","status":"publish","type":"post","link":"https:\/\/periodicolarepublica.com\/index.php\/2025\/11\/30\/propeep-habilita-espacio-ruinas-iglesia-las-mercedes-para-proyecto-tras-los-restos-del-cacique-enriquillo\/","title":{"rendered":"Propeep habilita espacio ruinas iglesia Las Mercedes para proyecto \u201cTras los Restos del Cacique Enriquillo"},"content":{"rendered":"<p>&nbsp;<\/p>\n<p>*Pueblo Viejo, Azua, RD*.- Con el acondicionamiento del \u00e1rea social, oficinas y espacios de labor arqueol\u00f3gica en las ruinas de la Iglesia Las Mercedes, en Pueblo Viejo, la Direcci\u00f3n de Proyectos Estrat\u00e9gicos y Especiales de la Presidencia (Propeep) dio inicio este domingo a los trabajos de acompa\u00f1amiento del proyecto hist\u00f3rico y cient\u00edfico \u201cTras los Restos del Cacique Enriquillo\u201d.<\/p>\n<p>&nbsp;<\/p>\n<p>El \u00e1rea intervenida servir\u00e1 como laboratorio para el equipo de investigaci\u00f3n que encabezar\u00e1 la arque\u00f3loga dominicana Kathleen Mart\u00ednez, junto a especialistas nacionales e internacionales, incluyendo arque\u00f3logos provenientes de Egipto.<\/p>\n<p>&nbsp;<\/p>\n<p>La intervenci\u00f3n corresponde a la primera fase del ambicioso proyecto arqueol\u00f3gico, que contempla una jornada intensiva de excavaciones dirigida por Mart\u00ednez, y respaldada por expertos reconocidos en procesos de recuperaci\u00f3n patrimonial.<\/p>\n<p>&nbsp;<\/p>\n<p>Al pronunciar las palabras centrales del acto, el director de Propeep, Robert Polanco, inform\u00f3 que esta primera etapa marca el inicio formal del proyecto, el cual se desarrolla siguiendo criterios cient\u00edficos sustentados en referencias documentales originales de los oidores de la Real Audiencia de Santo Domingo, consideradas entre las fuentes m\u00e1s confiables para el estudio de la etapa colonial temprana de la isla.<\/p>\n<p>&nbsp;<\/p>\n<p>El funcionario explic\u00f3 que las excavaciones se desarrollar\u00e1n del 1 al 28 de febrero de 2026, en coordinaci\u00f3n con un equipo internacional proveniente de Egipto, naci\u00f3n con tradici\u00f3n y prestigio mundial en procesos de excavaci\u00f3n, conservaci\u00f3n y recuperaci\u00f3n de vestigios ancestrales.<\/p>\n<p>&nbsp;<\/p>\n<p>\u201cEl proyecto que hoy inicia no solo rescata un monumento hist\u00f3rico de gran relevancia para la provincia de Azua, sino que impulsa un proceso cient\u00edfico sin precedentes que busca arrojar luz sobre la vida y legado del legendario Cacique Enriquillo, figura esencial de la resistencia ind\u00edgena en la isla\u201d, afirm\u00f3 Polanco.<\/p>\n<p>&nbsp;<\/p>\n<p>Agreg\u00f3 que: \u201cCon esta obra devolvemos dignidad a un lugar que forma parte de la memoria fundacional de Azua, y abrimos una etapa trascendental para nuestro pa\u00eds al iniciar un proyecto que podr\u00eda ofrecernos nuevas evidencias sobre el destino final del gran l\u00edder Enriquillo\u201d, expres\u00f3.<\/p>\n<p>&nbsp;<\/p>\n<p>*Lidia Mart\u00ednez de Macarulla*<\/p>\n<p>&nbsp;<\/p>\n<p>En tanto que la directora Ejecutiva del proyecto pro mausoleo en honor a Enriquillo, Lidia Mart\u00ednez de Macarulla, luego de relatar una cronolog\u00eda hist\u00f3rica del legendario aborigen, inform\u00f3 que el pr\u00f3ximo a\u00f1o dar\u00e1 inicio la fase cient\u00edfica del proyecto, dirigida por la reconocida arque\u00f3loga dominicana Kathleen Mart\u00ednez, quien pondr\u00e1 su experiencia de m\u00e1s de 20 a\u00f1os al servicio del pa\u00eds, acompa\u00f1ada por un equipo especializado que trabajar\u00e1 de manera honor\u00edfica.<\/p>\n<p>&nbsp;<\/p>\n<p>Expres\u00f3 que la construcci\u00f3n del mausoleo dedicado al Cacique Enriquillo, tal como establece el decreto presidencial, nos permitir\u00e1 rendir homenaje permanente a este s\u00edmbolo de dignidad, justicia y resistencia, considerado el primer guerrillero de Am\u00e9rica y figura esencial de nuestra memoria hist\u00f3rica.<\/p>\n<p>&nbsp;<\/p>\n<p>El acto cont\u00f3 con la presencia de la Gobernadora Provincial, Minerva Navarro; el alcalde de Pueblo Viejo, V\u00edctor Figuereo; las diputadas Brenda Ogando y Grey P\u00e9rez, el director de la Regi\u00f3n Valdesia de la Direcci\u00f3n de Gesti\u00f3n Presidencial; el cura p\u00e1rroco de la iglesia Nuestra Se\u00f1ora de Las Mercedes, Rafael Cuello.<\/p>\n<p>&nbsp;<\/p>\n<p>Tambi\u00e9n, con el gestor Cultural Julio Mer\u00e1n, as\u00ed como representantes del sector cultural, l\u00edderes comunitarios e investigadores, quienes valoraron la iniciativa como un paso decisivo para la recuperaci\u00f3n del patrimonio hist\u00f3rico de la regi\u00f3n sur y para el fortalecimiento de la memoria colectiva del pa\u00eds.<\/p>\n<p>&nbsp;<\/p>\n<p>Pueblo Viejo fue el lugar donde en 1504 el espa\u00f1ol Don Diego de Vel\u00e1zquez, fundara, por \u00f3rdenes del gobernador de la isla Don Nicol\u00e1s de Ovando, la ciudad Compostela de Azua; quien tambi\u00e9n fue el conquistador de Cuba, convirti\u00e9ndose en una de las primeras ciudades coloniales de la isla.<\/p>\n<p>&nbsp;<\/p>\n<p>&nbsp;<\/p>\n<p>*Direcci\u00f3n de Comunicaciones Propeep*<\/p>\n<p>23 de Noviembre 2025<\/p>\n<figure id=\"attachment_3082\" aria-describedby=\"caption-attachment-3082\" style=\"width: 300px\" class=\"wp-caption alignnone\"><img loading=\"lazy\" decoding=\"async\" class=\"size-medium wp-image-3082\" src=\"https:\/\/periodicolarepublica.com\/wp-content\/uploads\/2025\/04\/IMG-20250424-WA0016-300x200.jpg\" alt=\"\" width=\"300\" height=\"200\" \/><figcaption id=\"caption-attachment-3082\" class=\"wp-caption-text\">Foto de archivo<\/figcaption><\/figure>\n","protected":false},"excerpt":{"rendered":"<p>&nbsp; *Pueblo Viejo, Azua, RD*.- Con el acondicionamiento del \u00e1rea social, oficinas y espacios de labor arqueol\u00f3gica en las ruinas de la Iglesia Las Mercedes, en Pueblo Viejo, la Direcci\u00f3n de Proyectos Estrat\u00e9gicos y Especiales de la Presidencia (Propeep) dio inicio este domingo a los trabajos de acompa\u00f1amiento del proyecto hist\u00f3rico y cient\u00edfico \u201cTras los [&hellip;]<\/p>\n","protected":false},"author":6,"featured_media":3082,"comment_status":"open","ping_status":"open","sticky":false,"template":"","format":"standard","meta":{"om_disable_all_campaigns":false,"_monsterinsights_skip_tracking":false,"_monsterinsights_sitenote_active":false,"_monsterinsights_sitenote_note":"","_monsterinsights_sitenote_category":0,"footnotes":""},"categories":[1],"tags":[],"class_list":{"0":"post-4467","1":"post","2":"type-post","3":"status-publish","4":"format-standard","5":"has-post-thumbnail","7":"category-nacionales"},"aioseo_notices":[],"_links":{"self":[{"href":"https:\/\/periodicolarepublica.com\/index.php\/wp-json\/wp\/v2\/posts\/4467","targetHints":{"allow":["GET"]}}],"collection":[{"href":"https:\/\/periodicolarepublica.com\/index.php\/wp-json\/wp\/v2\/posts"}],"about":[{"href":"https:\/\/periodicolarepublica.com\/index.php\/wp-json\/wp\/v2\/types\/post"}],"author":[{"embeddable":true,"href":"https:\/\/periodicolarepublica.com\/index.php\/wp-json\/wp\/v2\/users\/6"}],"replies":[{"embeddable":true,"href":"https:\/\/periodicolarepublica.com\/index.php\/wp-json\/wp\/v2\/comments?post=4467"}],"version-history":[{"count":1,"href":"https:\/\/periodicolarepublica.com\/index.php\/wp-json\/wp\/v2\/posts\/4467\/revisions"}],"predecessor-version":[{"id":4468,"href":"https:\/\/periodicolarepublica.com\/index.php\/wp-json\/wp\/v2\/posts\/4467\/revisions\/4468"}],"wp:featuredmedia":[{"embeddable":true,"href":"https:\/\/periodicolarepublica.com\/index.php\/wp-json\/wp\/v2\/media\/3082"}],"wp:attachment":[{"href":"https:\/\/periodicolarepublica.com\/index.php\/wp-json\/wp\/v2\/media?parent=4467"}],"wp:term":[{"taxonomy":"category","embeddable":true,"href":"https:\/\/periodicolarepublica.com\/index.php\/wp-json\/wp\/v2\/categories?post=4467"},{"taxonomy":"post_tag","embeddable":true,"href":"https:\/\/periodicolarepublica.com\/index.php\/wp-json\/wp\/v2\/tags?post=4467"}],"curies":[{"name":"wp","href":"https:\/\/api.w.org\/{rel}","templated":true}]}}