{"id":4469,"date":"2025-11-30T08:25:02","date_gmt":"2025-11-30T12:25:02","guid":{"rendered":"https:\/\/periodicolarepublica.com\/?p=4469"},"modified":"2025-11-30T08:25:02","modified_gmt":"2025-11-30T12:25:02","slug":"raquel-pena-lleva-la-navidad-360-a-la-linea-noroeste","status":"publish","type":"post","link":"https:\/\/periodicolarepublica.com\/index.php\/2025\/11\/30\/raquel-pena-lleva-la-navidad-360-a-la-linea-noroeste\/","title":{"rendered":"Raquel Pe\u00f1a lleva la \u201cNavidad 360\u201d a la L\u00ednea Noroeste"},"content":{"rendered":"<p>La vicepresidenta encabez\u00f3 almuerzos comunitarios en Montecristi y Valverde como parte de la agenda navide\u00f1a del Gobierno._<\/p>\n<p>Montecristi, RD.\u2013 La vicepresidenta de la Rep\u00fablica, Raquel Pe\u00f1a, encabez\u00f3 este s\u00e1bado dos almuerzos navide\u00f1os en Montecristi y Valverde, donde comparti\u00f3 con m\u00e1s de 800 ciudadanos de toda la L\u00ednea Noroeste.<\/p>\n<p>Estos encuentros forman parte de la agenda nacional que moviliza al presidente Luis Abinader, a la vicepresidenta Pe\u00f1a y a distintos funcionarios para acompa\u00f1ar a las familias dominicanas durante este tiempo especial.<\/p>\n<p>&nbsp;<\/p>\n<p>Al llegar a Montecristi, la vicemandataria expres\u00f3 que \u201cNavidad 360\u201d es una oportunidad para reencontrarse con el mensaje del nacimiento de Jes\u00fas, un mensaje que inspira esperanza, servicio y solidaridad con quienes m\u00e1s necesitan apoyo.<\/p>\n<p>&nbsp;<\/p>\n<p>\u201cEse esp\u00edritu de entrega es justamente el que hoy nos convoca\u201d, sostuvo Pe\u00f1a, al afirmar que cada almuerzo representa cercan\u00eda y un privilegio para cualquier servidor p\u00fablico.<\/p>\n<p>&nbsp;<\/p>\n<p>Asegur\u00f3 adem\u00e1s que, con esa convicci\u00f3n, el Gobierno del presidente Luis Abinader trabajar\u00e1 para que cada hogar viva una Navidad m\u00e1s tranquila y m\u00e1s digna.<\/p>\n<p>&nbsp;<\/p>\n<p>En Valverde, la vicepresidenta reiter\u00f3 el llamado a reflexionar, agradecer y celebrar en familia, destacando el valor de compartir y acompa\u00f1ar.<\/p>\n<p>&nbsp;<\/p>\n<p>Los almuerzos se desarrollaron en los polideportivos municipales de ambas localidades, acogiendo a 400 personas en Montecristi y 450 en Valverde.<\/p>\n<p>&nbsp;<\/p>\n<p>Durante ambos encuentros, la vicepresidenta comparti\u00f3 con los comunitarios un men\u00fa tradicional integrado por moro de guandules, cerdo asado, pollo horneado, ensalada rusa, telera, pasteles en hoja, uvas, manzanas y otros alimentos propios de la temporada.<\/p>\n<p>&nbsp;<\/p>\n<p>Las actividades forman parte del programa \u201cNavidad 360\u201d, organizado por la Direcci\u00f3n de Asistencia Social y Alimentaci\u00f3n Comunitaria (DASAC), iniciativa integrada a \u201cLa Brisita Navide\u00f1a\u201d, que reafirma el compromiso del Gobierno de acompa\u00f1ar a las familias dominicanas durante estas fechas.<\/p>\n<p><img loading=\"lazy\" decoding=\"async\" class=\"alignnone size-medium wp-image-4470\" src=\"https:\/\/periodicolarepublica.com\/wp-content\/uploads\/2025\/11\/IMG-20251130-WA0006-scaled-e1764505438215-300x285.jpg\" alt=\"\" width=\"300\" height=\"285\" srcset=\"https:\/\/periodicolarepublica.com\/wp-content\/uploads\/2025\/11\/IMG-20251130-WA0006-scaled-e1764505438215-300x285.jpg 300w, https:\/\/periodicolarepublica.com\/wp-content\/uploads\/2025\/11\/IMG-20251130-WA0006-scaled-e1764505438215-768x729.jpg 768w, https:\/\/periodicolarepublica.com\/wp-content\/uploads\/2025\/11\/IMG-20251130-WA0006-scaled-e1764505438215-150x142.jpg 150w, https:\/\/periodicolarepublica.com\/wp-content\/uploads\/2025\/11\/IMG-20251130-WA0006-scaled-e1764505438215-600x570.jpg 600w, https:\/\/periodicolarepublica.com\/wp-content\/uploads\/2025\/11\/IMG-20251130-WA0006-scaled-e1764505438215-696x661.jpg 696w, https:\/\/periodicolarepublica.com\/wp-content\/uploads\/2025\/11\/IMG-20251130-WA0006-scaled-e1764505438215.jpg 790w\" sizes=\"auto, (max-width: 300px) 100vw, 300px\" \/><\/p>\n","protected":false},"excerpt":{"rendered":"<p>La vicepresidenta encabez\u00f3 almuerzos comunitarios en Montecristi y Valverde como parte de la agenda navide\u00f1a del Gobierno._ Montecristi, RD.\u2013 La vicepresidenta de la Rep\u00fablica, Raquel Pe\u00f1a, encabez\u00f3 este s\u00e1bado dos almuerzos navide\u00f1os en Montecristi y Valverde, donde comparti\u00f3 con m\u00e1s de 800 ciudadanos de toda la L\u00ednea Noroeste. Estos encuentros forman parte de la agenda [&hellip;]<\/p>\n","protected":false},"author":6,"featured_media":4470,"comment_status":"open","ping_status":"open","sticky":false,"template":"","format":"standard","meta":{"om_disable_all_campaigns":false,"_monsterinsights_skip_tracking":false,"_monsterinsights_sitenote_active":false,"_monsterinsights_sitenote_note":"","_monsterinsights_sitenote_category":0,"footnotes":""},"categories":[1],"tags":[144],"class_list":{"0":"post-4469","1":"post","2":"type-post","3":"status-publish","4":"format-standard","5":"has-post-thumbnail","7":"category-nacionales","8":"tag-raquel-pena"},"aioseo_notices":[],"_links":{"self":[{"href":"https:\/\/periodicolarepublica.com\/index.php\/wp-json\/wp\/v2\/posts\/4469","targetHints":{"allow":["GET"]}}],"collection":[{"href":"https:\/\/periodicolarepublica.com\/index.php\/wp-json\/wp\/v2\/posts"}],"about":[{"href":"https:\/\/periodicolarepublica.com\/index.php\/wp-json\/wp\/v2\/types\/post"}],"author":[{"embeddable":true,"href":"https:\/\/periodicolarepublica.com\/index.php\/wp-json\/wp\/v2\/users\/6"}],"replies":[{"embeddable":true,"href":"https:\/\/periodicolarepublica.com\/index.php\/wp-json\/wp\/v2\/comments?post=4469"}],"version-history":[{"count":1,"href":"https:\/\/periodicolarepublica.com\/index.php\/wp-json\/wp\/v2\/posts\/4469\/revisions"}],"predecessor-version":[{"id":4471,"href":"https:\/\/periodicolarepublica.com\/index.php\/wp-json\/wp\/v2\/posts\/4469\/revisions\/4471"}],"wp:featuredmedia":[{"embeddable":true,"href":"https:\/\/periodicolarepublica.com\/index.php\/wp-json\/wp\/v2\/media\/4470"}],"wp:attachment":[{"href":"https:\/\/periodicolarepublica.com\/index.php\/wp-json\/wp\/v2\/media?parent=4469"}],"wp:term":[{"taxonomy":"category","embeddable":true,"href":"https:\/\/periodicolarepublica.com\/index.php\/wp-json\/wp\/v2\/categories?post=4469"},{"taxonomy":"post_tag","embeddable":true,"href":"https:\/\/periodicolarepublica.com\/index.php\/wp-json\/wp\/v2\/tags?post=4469"}],"curies":[{"name":"wp","href":"https:\/\/api.w.org\/{rel}","templated":true}]}}