{"id":4473,"date":"2025-11-30T08:28:29","date_gmt":"2025-11-30T12:28:29","guid":{"rendered":"https:\/\/periodicolarepublica.com\/?p=4473"},"modified":"2025-11-30T08:28:29","modified_gmt":"2025-11-30T12:28:29","slug":"ogtic-impulsa-talento-joven-con-mas-de-180-becas-en-dominicana-innova-2025","status":"publish","type":"post","link":"https:\/\/periodicolarepublica.com\/index.php\/2025\/11\/30\/ogtic-impulsa-talento-joven-con-mas-de-180-becas-en-dominicana-innova-2025\/","title":{"rendered":"OGTIC impulsa talento joven con m\u00e1s de 180 becas en Dominicana Innova 2025"},"content":{"rendered":"<p>La Oficina Gubernamental de Tecnolog\u00edas de la Informaci\u00f3n y Comunicaci\u00f3n (OGTIC), con el apoyo del Ministerio de Educaci\u00f3n Superior, Ciencia y Tecnolog\u00eda (MESCyT) y el Instituto Tecnol\u00f3gico de las Am\u00e9ricas (ITLA), otorg\u00f3 m\u00e1s de 180 becas a los 65 j\u00f3venes que participaron en Desenlace, el bootcamp y hackathon estudiantil celebrado como parte de Dominicana Innova 2025. La cifra triplica el impacto tradicional de iniciativas de este tipo y constituye uno de los logros m\u00e1s significativos en apoyo a la formaci\u00f3n tecnol\u00f3gica durante un evento nacional.<\/p>\n<p>El director general de la OGTIC, Edgar Batista, inform\u00f3 que se otorgaron 10 becas nacionales, avaladas por el MESCyT, para los ganadores del primer y segundo lugar de Desenlace, v\u00e1lidas para las universidades que participen en la convocatoria 2026 de la instituci\u00f3n.<\/p>\n<p>En tanto que, equipo ganador del tercer lugar recibi\u00f3 una beca de Amazon orientada a formaci\u00f3n y certificaciones en computaci\u00f3n en la nube, inteligencia artificial y desarrollo de soluciones digitales, \u00e1reas clave para la empleabilidad en sectores de alta demanda.<\/p>\n<p>Adem\u00e1s, todos los participantes del programa fueron beneficiados con becas del ITLA, Amazon y Oracle, sumando m\u00e1s de 180 becas otorgadas en total, brindando acceso a certificaciones reconocidas globalmente y a rutas de formaci\u00f3n que fortalecen su inserci\u00f3n en la econom\u00eda digital.<\/p>\n<p>El rector del ITLA, Rafael Feliz, explic\u00f3 que estas becas incluyen programas de educaci\u00f3n cont\u00ednua y acceso a carreras de nivel superior en desarrollo de software, an\u00e1lisis de datos, videojuegos, dise\u00f1o, sonido, multimedia y otras \u00e1reas tecnol\u00f3gicas. Tambi\u00e9n garantiz\u00f3 transporte institucional y residencia acad\u00e9mica gratuita para los estudiantes del interior, facilitando su permanencia dentro del campus.<\/p>\n<p>Los 65 j\u00f3venes seleccionados participaron en un proceso intensivo de varios d\u00edas, recibiendo formaci\u00f3n especializada en dise\u00f1o de soluciones digitales, prototipado, metodolog\u00edas \u00e1giles como Design Thinking y uso pr\u00e1ctico de herramientas de inteligencia artificial.<\/p>\n<p>Durante el acto de clausura, Batista destac\u00f3 que la entrega de becas refleja la visi\u00f3n del Gobierno dominicano de impulsar el talento joven y prepararlo para liderar la transformaci\u00f3n digital del pa\u00eds. \u201cCon estas becas estamos abriendo puertas reales para que nuestros j\u00f3venes accedan a las carreras del futuro. Dominicana Innova no es solo un evento; es un puente entre nuestras nuevas generaciones y las oportunidades que cambiar\u00e1n sus vidas y el rumbo tecnol\u00f3gico de la Rep\u00fablica Dominicana\u201d, afirm\u00f3.<\/p>\n<p>Los proyectos finalistas, enfocados en salud integral, fueron evaluados por un jurado integrado por Edgar Batista, director general de la OGTIC; Hadeline Matos, viceministra de Evaluaci\u00f3n del Desempe\u00f1o del MAP; Rafael Feliz, rector del ITLA; Cairo Ar\u00e9valo, encargado Innovaci\u00f3n y Proyectos Especiales de PROMIPYME; Jos\u00e9 \u00c1ngel Hern\u00e1ndez, encargado de Proyectos TIC del MINERD; Leydi Mej\u00eda, del hospital Padre Billini; Yvelisse Reyes Dur\u00e1n, especialista en gesti\u00f3n de programas educativos y de empleabilidad y Yuberkis Chevalier, directora de Innovaci\u00f3n de la OGTIC.<\/p>\n<p>Dominicana Innova 2025, celebrada del 25 al 28 de noviembre en Sambil, reuni\u00f3 a instituciones p\u00fablicas y privadas, universidades, empresas tecnol\u00f3gicas, emprendedores y talento joven, consolid\u00e1ndose como la feria de innovaci\u00f3n m\u00e1s importante del pa\u00eds y reafirmando el compromiso nacional con un futuro m\u00e1s inteligente, conectado y orientado al desarrollo humano a trav\u00e9s de la tecnolog\u00eda.<\/p>\n<figure id=\"attachment_4475\" aria-describedby=\"caption-attachment-4475\" style=\"width: 300px\" class=\"wp-caption alignnone\"><img loading=\"lazy\" decoding=\"async\" class=\"size-medium wp-image-4475\" src=\"https:\/\/periodicolarepublica.com\/wp-content\/uploads\/2025\/11\/channels4_profile-1-300x300.jpg\" alt=\"\" width=\"300\" height=\"300\" srcset=\"https:\/\/periodicolarepublica.com\/wp-content\/uploads\/2025\/11\/channels4_profile-1-300x300.jpg 300w, https:\/\/periodicolarepublica.com\/wp-content\/uploads\/2025\/11\/channels4_profile-1-150x150.jpg 150w, https:\/\/periodicolarepublica.com\/wp-content\/uploads\/2025\/11\/channels4_profile-1-768x768.jpg 768w, https:\/\/periodicolarepublica.com\/wp-content\/uploads\/2025\/11\/channels4_profile-1-600x600.jpg 600w, https:\/\/periodicolarepublica.com\/wp-content\/uploads\/2025\/11\/channels4_profile-1-696x696.jpg 696w, https:\/\/periodicolarepublica.com\/wp-content\/uploads\/2025\/11\/channels4_profile-1.jpg 900w\" sizes=\"auto, (max-width: 300px) 100vw, 300px\" \/><figcaption id=\"caption-attachment-4475\" class=\"wp-caption-text\">Ogtic<\/figcaption><\/figure>\n<p>&nbsp;<\/p>\n<p>&nbsp;<\/p>\n<p>&nbsp;<\/p>\n<p>&nbsp;<\/p>\n<p>&nbsp;<\/p>\n<p>&nbsp;<\/p>\n<p>&nbsp;<\/p>\n<p>&nbsp;<\/p>\n<p>&nbsp;<\/p>\n","protected":false},"excerpt":{"rendered":"<p>La Oficina Gubernamental de Tecnolog\u00edas de la Informaci\u00f3n y Comunicaci\u00f3n (OGTIC), con el apoyo del Ministerio de Educaci\u00f3n Superior, Ciencia y Tecnolog\u00eda (MESCyT) y el Instituto Tecnol\u00f3gico de las Am\u00e9ricas (ITLA), otorg\u00f3 m\u00e1s de 180 becas a los 65 j\u00f3venes que participaron en Desenlace, el bootcamp y hackathon estudiantil celebrado como parte de Dominicana Innova [&hellip;]<\/p>\n","protected":false},"author":6,"featured_media":4475,"comment_status":"open","ping_status":"open","sticky":false,"template":"","format":"standard","meta":{"om_disable_all_campaigns":false,"_monsterinsights_skip_tracking":false,"_monsterinsights_sitenote_active":false,"_monsterinsights_sitenote_note":"","_monsterinsights_sitenote_category":0,"footnotes":""},"categories":[1],"tags":[246],"class_list":{"0":"post-4473","1":"post","2":"type-post","3":"status-publish","4":"format-standard","5":"has-post-thumbnail","7":"category-nacionales","8":"tag-ogtic"},"aioseo_notices":[],"_links":{"self":[{"href":"https:\/\/periodicolarepublica.com\/index.php\/wp-json\/wp\/v2\/posts\/4473","targetHints":{"allow":["GET"]}}],"collection":[{"href":"https:\/\/periodicolarepublica.com\/index.php\/wp-json\/wp\/v2\/posts"}],"about":[{"href":"https:\/\/periodicolarepublica.com\/index.php\/wp-json\/wp\/v2\/types\/post"}],"author":[{"embeddable":true,"href":"https:\/\/periodicolarepublica.com\/index.php\/wp-json\/wp\/v2\/users\/6"}],"replies":[{"embeddable":true,"href":"https:\/\/periodicolarepublica.com\/index.php\/wp-json\/wp\/v2\/comments?post=4473"}],"version-history":[{"count":1,"href":"https:\/\/periodicolarepublica.com\/index.php\/wp-json\/wp\/v2\/posts\/4473\/revisions"}],"predecessor-version":[{"id":4476,"href":"https:\/\/periodicolarepublica.com\/index.php\/wp-json\/wp\/v2\/posts\/4473\/revisions\/4476"}],"wp:featuredmedia":[{"embeddable":true,"href":"https:\/\/periodicolarepublica.com\/index.php\/wp-json\/wp\/v2\/media\/4475"}],"wp:attachment":[{"href":"https:\/\/periodicolarepublica.com\/index.php\/wp-json\/wp\/v2\/media?parent=4473"}],"wp:term":[{"taxonomy":"category","embeddable":true,"href":"https:\/\/periodicolarepublica.com\/index.php\/wp-json\/wp\/v2\/categories?post=4473"},{"taxonomy":"post_tag","embeddable":true,"href":"https:\/\/periodicolarepublica.com\/index.php\/wp-json\/wp\/v2\/tags?post=4473"}],"curies":[{"name":"wp","href":"https:\/\/api.w.org\/{rel}","templated":true}]}}