{"id":4477,"date":"2025-11-30T08:32:33","date_gmt":"2025-11-30T12:32:33","guid":{"rendered":"https:\/\/periodicolarepublica.com\/?p=4477"},"modified":"2025-11-30T08:32:33","modified_gmt":"2025-11-30T12:32:33","slug":"sns-reconoce-hospitales-por-excelencia-servicio-nutricion-clinica","status":"publish","type":"post","link":"https:\/\/periodicolarepublica.com\/index.php\/2025\/11\/30\/sns-reconoce-hospitales-por-excelencia-servicio-nutricion-clinica\/","title":{"rendered":"SNS reconoce hospitales por excelencia servicio nutrici\u00f3n cl\u00ednica"},"content":{"rendered":"<p>El Servicio Nacional de Salud (SNS), a trav\u00e9s de la Direcci\u00f3n de Centros Hospitalarios, celebr\u00f3 este viernes la tercera entrega de los premios Calidad de los Servicios del Programa de Nutrici\u00f3n 2025, en la que se reconoci\u00f3 la excelencia del servicio de nutrici\u00f3n cl\u00ednica ofrecido en los hospitales que forman parte del Programa de Nutrici\u00f3n del SNS.<\/p>\n<p>&nbsp;<\/p>\n<p>En las palabras de apertura, la directora de Centros Hospitalarios, doctora Yocasta Lara, abog\u00f3 porque se siga trabajando en la humanizaci\u00f3n de los servicios de salud, garantizando un trato digno a los pacientes.<\/p>\n<p>&nbsp;<\/p>\n<p>\u00abEs necesario que cada uno de nosotros entienda que la medicina es vocaci\u00f3n y que la vida de un ser humano no puede verse como un negocio. En esa tarea los nutri\u00f3logos somos el pilar m\u00e1s importante para que el paciente pueda absorber la medicaci\u00f3n y tenga una mejor recuperaci\u00f3n\u00bb, manifest\u00f3.<\/p>\n<figure id=\"attachment_4478\" aria-describedby=\"caption-attachment-4478\" style=\"width: 300px\" class=\"wp-caption alignnone\"><img loading=\"lazy\" decoding=\"async\" class=\"size-medium wp-image-4478\" src=\"https:\/\/periodicolarepublica.com\/wp-content\/uploads\/2025\/11\/images-36-300x300.jpeg\" alt=\"\" width=\"300\" height=\"300\" srcset=\"https:\/\/periodicolarepublica.com\/wp-content\/uploads\/2025\/11\/images-36-300x300.jpeg 300w, https:\/\/periodicolarepublica.com\/wp-content\/uploads\/2025\/11\/images-36-150x150.jpeg 150w, https:\/\/periodicolarepublica.com\/wp-content\/uploads\/2025\/11\/images-36.jpeg 447w\" sizes=\"auto, (max-width: 300px) 100vw, 300px\" \/><figcaption id=\"caption-attachment-4478\" class=\"wp-caption-text\">SNS<\/figcaption><\/figure>\n","protected":false},"excerpt":{"rendered":"<p>El Servicio Nacional de Salud (SNS), a trav\u00e9s de la Direcci\u00f3n de Centros Hospitalarios, celebr\u00f3 este viernes la tercera entrega de los premios Calidad de los Servicios del Programa de Nutrici\u00f3n 2025, en la que se reconoci\u00f3 la excelencia del servicio de nutrici\u00f3n cl\u00ednica ofrecido en los hospitales que forman parte del Programa de Nutrici\u00f3n [&hellip;]<\/p>\n","protected":false},"author":6,"featured_media":4478,"comment_status":"open","ping_status":"open","sticky":false,"template":"","format":"standard","meta":{"om_disable_all_campaigns":false,"_monsterinsights_skip_tracking":false,"_monsterinsights_sitenote_active":false,"_monsterinsights_sitenote_note":"","_monsterinsights_sitenote_category":0,"footnotes":""},"categories":[1],"tags":[277],"class_list":{"0":"post-4477","1":"post","2":"type-post","3":"status-publish","4":"format-standard","5":"has-post-thumbnail","7":"category-nacionales","8":"tag-sns"},"aioseo_notices":[],"_links":{"self":[{"href":"https:\/\/periodicolarepublica.com\/index.php\/wp-json\/wp\/v2\/posts\/4477","targetHints":{"allow":["GET"]}}],"collection":[{"href":"https:\/\/periodicolarepublica.com\/index.php\/wp-json\/wp\/v2\/posts"}],"about":[{"href":"https:\/\/periodicolarepublica.com\/index.php\/wp-json\/wp\/v2\/types\/post"}],"author":[{"embeddable":true,"href":"https:\/\/periodicolarepublica.com\/index.php\/wp-json\/wp\/v2\/users\/6"}],"replies":[{"embeddable":true,"href":"https:\/\/periodicolarepublica.com\/index.php\/wp-json\/wp\/v2\/comments?post=4477"}],"version-history":[{"count":1,"href":"https:\/\/periodicolarepublica.com\/index.php\/wp-json\/wp\/v2\/posts\/4477\/revisions"}],"predecessor-version":[{"id":4479,"href":"https:\/\/periodicolarepublica.com\/index.php\/wp-json\/wp\/v2\/posts\/4477\/revisions\/4479"}],"wp:featuredmedia":[{"embeddable":true,"href":"https:\/\/periodicolarepublica.com\/index.php\/wp-json\/wp\/v2\/media\/4478"}],"wp:attachment":[{"href":"https:\/\/periodicolarepublica.com\/index.php\/wp-json\/wp\/v2\/media?parent=4477"}],"wp:term":[{"taxonomy":"category","embeddable":true,"href":"https:\/\/periodicolarepublica.com\/index.php\/wp-json\/wp\/v2\/categories?post=4477"},{"taxonomy":"post_tag","embeddable":true,"href":"https:\/\/periodicolarepublica.com\/index.php\/wp-json\/wp\/v2\/tags?post=4477"}],"curies":[{"name":"wp","href":"https:\/\/api.w.org\/{rel}","templated":true}]}}