{"id":4480,"date":"2025-11-28T08:34:33","date_gmt":"2025-11-28T12:34:33","guid":{"rendered":"https:\/\/periodicolarepublica.com\/?p=4480"},"modified":"2025-11-30T08:35:01","modified_gmt":"2025-11-30T12:35:01","slug":"popular-recibe-el-reconocimiento-transaccion-del-ano-en-el-foro-de-inversion-turistica-2025","status":"publish","type":"post","link":"https:\/\/periodicolarepublica.com\/index.php\/2025\/11\/28\/popular-recibe-el-reconocimiento-transaccion-del-ano-en-el-foro-de-inversion-turistica-2025\/","title":{"rendered":"Popular recibe el reconocimiento \u201cTransacci\u00f3n del A\u00f1o\u201d en el Foro de Inversi\u00f3n Tur\u00edstica 2025"},"content":{"rendered":"<p>El Banco Popular Dominicano fue reconocido con el galard\u00f3n \u201cTransacci\u00f3n del A\u00f1o\u201d durante el Foro de Inversi\u00f3n Tur\u00edstica 2025, otorgado por la Asociaci\u00f3n de Hoteles y Turismo de la Rep\u00fablica Dominicana (ASONAHORES) por la estructuraci\u00f3n de una operaci\u00f3n en alianza con el Grupo Meli\u00e1 para adquirir el 25% de participaci\u00f3n en las sociedades propietarias de los hoteles Paradisus Palma Real Golf &amp; Spa y ZEL by Meli\u00e1, ubicados en el pa\u00eds.<\/p>\n<p><img loading=\"lazy\" decoding=\"async\" class=\"alignnone size-medium wp-image-3090\" src=\"https:\/\/periodicolarepublica.com\/wp-content\/uploads\/2025\/04\/bpd250x250-300x158.jpg\" alt=\"\" width=\"300\" height=\"158\" srcset=\"https:\/\/periodicolarepublica.com\/wp-content\/uploads\/2025\/04\/bpd250x250-300x158.jpg 300w, https:\/\/periodicolarepublica.com\/wp-content\/uploads\/2025\/04\/bpd250x250-1024x538.jpg 1024w, https:\/\/periodicolarepublica.com\/wp-content\/uploads\/2025\/04\/bpd250x250-768x403.jpg 768w, https:\/\/periodicolarepublica.com\/wp-content\/uploads\/2025\/04\/bpd250x250-150x79.jpg 150w, https:\/\/periodicolarepublica.com\/wp-content\/uploads\/2025\/04\/bpd250x250-600x315.jpg 600w, https:\/\/periodicolarepublica.com\/wp-content\/uploads\/2025\/04\/bpd250x250-696x365.jpg 696w, https:\/\/periodicolarepublica.com\/wp-content\/uploads\/2025\/04\/bpd250x250-1068x561.jpg 1068w, https:\/\/periodicolarepublica.com\/wp-content\/uploads\/2025\/04\/bpd250x250.jpg 1200w\" sizes=\"auto, (max-width: 300px) 100vw, 300px\" \/><\/p>\n","protected":false},"excerpt":{"rendered":"<p>El Banco Popular Dominicano fue reconocido con el galard\u00f3n \u201cTransacci\u00f3n del A\u00f1o\u201d durante el Foro de Inversi\u00f3n Tur\u00edstica 2025, otorgado por la Asociaci\u00f3n de Hoteles y Turismo de la Rep\u00fablica Dominicana (ASONAHORES) por la estructuraci\u00f3n de una operaci\u00f3n en alianza con el Grupo Meli\u00e1 para adquirir el 25% de participaci\u00f3n en las sociedades propietarias de [&hellip;]<\/p>\n","protected":false},"author":6,"featured_media":3090,"comment_status":"open","ping_status":"open","sticky":false,"template":"","format":"standard","meta":{"om_disable_all_campaigns":false,"_monsterinsights_skip_tracking":false,"_monsterinsights_sitenote_active":false,"_monsterinsights_sitenote_note":"","_monsterinsights_sitenote_category":0,"footnotes":""},"categories":[33,1],"tags":[],"class_list":{"0":"post-4480","1":"post","2":"type-post","3":"status-publish","4":"format-standard","5":"has-post-thumbnail","7":"category-canal-financiero","8":"category-nacionales"},"aioseo_notices":[],"_links":{"self":[{"href":"https:\/\/periodicolarepublica.com\/index.php\/wp-json\/wp\/v2\/posts\/4480","targetHints":{"allow":["GET"]}}],"collection":[{"href":"https:\/\/periodicolarepublica.com\/index.php\/wp-json\/wp\/v2\/posts"}],"about":[{"href":"https:\/\/periodicolarepublica.com\/index.php\/wp-json\/wp\/v2\/types\/post"}],"author":[{"embeddable":true,"href":"https:\/\/periodicolarepublica.com\/index.php\/wp-json\/wp\/v2\/users\/6"}],"replies":[{"embeddable":true,"href":"https:\/\/periodicolarepublica.com\/index.php\/wp-json\/wp\/v2\/comments?post=4480"}],"version-history":[{"count":1,"href":"https:\/\/periodicolarepublica.com\/index.php\/wp-json\/wp\/v2\/posts\/4480\/revisions"}],"predecessor-version":[{"id":4481,"href":"https:\/\/periodicolarepublica.com\/index.php\/wp-json\/wp\/v2\/posts\/4480\/revisions\/4481"}],"wp:featuredmedia":[{"embeddable":true,"href":"https:\/\/periodicolarepublica.com\/index.php\/wp-json\/wp\/v2\/media\/3090"}],"wp:attachment":[{"href":"https:\/\/periodicolarepublica.com\/index.php\/wp-json\/wp\/v2\/media?parent=4480"}],"wp:term":[{"taxonomy":"category","embeddable":true,"href":"https:\/\/periodicolarepublica.com\/index.php\/wp-json\/wp\/v2\/categories?post=4480"},{"taxonomy":"post_tag","embeddable":true,"href":"https:\/\/periodicolarepublica.com\/index.php\/wp-json\/wp\/v2\/tags?post=4480"}],"curies":[{"name":"wp","href":"https:\/\/api.w.org\/{rel}","templated":true}]}}