{"id":4488,"date":"2025-11-30T08:51:55","date_gmt":"2025-11-30T12:51:55","guid":{"rendered":"https:\/\/periodicolarepublica.com\/?p=4488"},"modified":"2025-11-30T08:51:55","modified_gmt":"2025-11-30T12:51:55","slug":"barrick-pueblo-viejo-gradua-a-44-jovenes-del-programa-job-ready-fortaleciendo-la-empleabilidad-y-la-participacion-femenina-en-la-industria-minera","status":"publish","type":"post","link":"https:\/\/periodicolarepublica.com\/index.php\/2025\/11\/30\/barrick-pueblo-viejo-gradua-a-44-jovenes-del-programa-job-ready-fortaleciendo-la-empleabilidad-y-la-participacion-femenina-en-la-industria-minera\/","title":{"rendered":"Barrick Pueblo Viejo grad\u00faa a 44 j\u00f3venes del programa Job Ready, fortaleciendo la empleabilidad y la participaci\u00f3n femenina en la industria minera"},"content":{"rendered":"<p>Barrick Pueblo Viejo celebr\u00f3 la graduaci\u00f3n de 44 j\u00f3venes que completaron satisfactoriamente el programa de capacitaci\u00f3n Job Ready, una iniciativa dise\u00f1ada para preparar a nuevos talentos en \u00e1reas operativas clave para la industria minera<\/p>\n<p>El acto estuvo encabezado por Gisselle Valera, presidenta, Isaac Luciano, gerente general de Mina, Sandra Mesa, gerente de Recursos Humanos, miembros del equipo de Pueblo Viejo y los j\u00f3venes graduados que concluyeron esta etapa formativa.<\/p>\n<p>Desde su creaci\u00f3n en el 2021, el programa Job Ready se ha consolidado como una plataforma efectiva para la formaci\u00f3n t\u00e9cnica y la inserci\u00f3n laboral. A la fecha, 16 grupos y 250 participantes han completado el programa. De ellos, 214 han sido contratados por la empresa minera, alcanzando una tasa de inserci\u00f3n laboral de 86%, uno de los principales indicadores de \u00e9xito de esta iniciativa.<\/p>\n<p><img loading=\"lazy\" decoding=\"async\" class=\"alignnone size-medium wp-image-4489\" src=\"https:\/\/periodicolarepublica.com\/wp-content\/uploads\/2025\/11\/images-23-300x300.png\" alt=\"\" width=\"300\" height=\"300\" srcset=\"https:\/\/periodicolarepublica.com\/wp-content\/uploads\/2025\/11\/images-23-300x300.png 300w, https:\/\/periodicolarepublica.com\/wp-content\/uploads\/2025\/11\/images-23-150x150.png 150w, https:\/\/periodicolarepublica.com\/wp-content\/uploads\/2025\/11\/images-23.png 447w\" sizes=\"auto, (max-width: 300px) 100vw, 300px\" \/><\/p>\n<p>&nbsp;<\/p>\n<p>&nbsp;<\/p>\n","protected":false},"excerpt":{"rendered":"<p>Barrick Pueblo Viejo celebr\u00f3 la graduaci\u00f3n de 44 j\u00f3venes que completaron satisfactoriamente el programa de capacitaci\u00f3n Job Ready, una iniciativa dise\u00f1ada para preparar a nuevos talentos en \u00e1reas operativas clave para la industria minera El acto estuvo encabezado por Gisselle Valera, presidenta, Isaac Luciano, gerente general de Mina, Sandra Mesa, gerente de Recursos Humanos, miembros [&hellip;]<\/p>\n","protected":false},"author":6,"featured_media":4489,"comment_status":"open","ping_status":"open","sticky":false,"template":"","format":"standard","meta":{"om_disable_all_campaigns":false,"_monsterinsights_skip_tracking":false,"_monsterinsights_sitenote_active":false,"_monsterinsights_sitenote_note":"","_monsterinsights_sitenote_category":0,"footnotes":""},"categories":[1],"tags":[489],"class_list":{"0":"post-4488","1":"post","2":"type-post","3":"status-publish","4":"format-standard","5":"has-post-thumbnail","7":"category-nacionales","8":"tag-barrick"},"aioseo_notices":[],"_links":{"self":[{"href":"https:\/\/periodicolarepublica.com\/index.php\/wp-json\/wp\/v2\/posts\/4488","targetHints":{"allow":["GET"]}}],"collection":[{"href":"https:\/\/periodicolarepublica.com\/index.php\/wp-json\/wp\/v2\/posts"}],"about":[{"href":"https:\/\/periodicolarepublica.com\/index.php\/wp-json\/wp\/v2\/types\/post"}],"author":[{"embeddable":true,"href":"https:\/\/periodicolarepublica.com\/index.php\/wp-json\/wp\/v2\/users\/6"}],"replies":[{"embeddable":true,"href":"https:\/\/periodicolarepublica.com\/index.php\/wp-json\/wp\/v2\/comments?post=4488"}],"version-history":[{"count":1,"href":"https:\/\/periodicolarepublica.com\/index.php\/wp-json\/wp\/v2\/posts\/4488\/revisions"}],"predecessor-version":[{"id":4490,"href":"https:\/\/periodicolarepublica.com\/index.php\/wp-json\/wp\/v2\/posts\/4488\/revisions\/4490"}],"wp:featuredmedia":[{"embeddable":true,"href":"https:\/\/periodicolarepublica.com\/index.php\/wp-json\/wp\/v2\/media\/4489"}],"wp:attachment":[{"href":"https:\/\/periodicolarepublica.com\/index.php\/wp-json\/wp\/v2\/media?parent=4488"}],"wp:term":[{"taxonomy":"category","embeddable":true,"href":"https:\/\/periodicolarepublica.com\/index.php\/wp-json\/wp\/v2\/categories?post=4488"},{"taxonomy":"post_tag","embeddable":true,"href":"https:\/\/periodicolarepublica.com\/index.php\/wp-json\/wp\/v2\/tags?post=4488"}],"curies":[{"name":"wp","href":"https:\/\/api.w.org\/{rel}","templated":true}]}}