{"id":4491,"date":"2025-11-30T13:57:10","date_gmt":"2025-11-30T17:57:10","guid":{"rendered":"https:\/\/periodicolarepublica.com\/?p=4491"},"modified":"2025-11-30T13:57:10","modified_gmt":"2025-11-30T17:57:10","slug":"la-ruta-de-la-limpieza-de-eco5rd-retira-mas-de-515-toneladas-de-residuos-solidos-en-santo-domingo-oeste","status":"publish","type":"post","link":"https:\/\/periodicolarepublica.com\/index.php\/2025\/11\/30\/la-ruta-de-la-limpieza-de-eco5rd-retira-mas-de-515-toneladas-de-residuos-solidos-en-santo-domingo-oeste\/","title":{"rendered":"La Ruta de la Limpieza de Eco5RD retira m\u00e1s de 515 toneladas de residuos s\u00f3lidos en Santo Domingo Oeste"},"content":{"rendered":"<p>*Santo Domingo, RD*. Atendiendo al llamado de los comunitarios y por instrucciones precisas del presidente Luis Abinader, la Unidad Ejecutora de la Presidencia Eco5RD realiz\u00f3, durante cinco d\u00edas consecutivos, un amplio operativo de eliminaci\u00f3n de vertederos improvisados y limpieza de ca\u00f1adas en Santo Domingo Oeste, logrando retirar de las calles m\u00e1s de 515 toneladas de residuos s\u00f3lidos.<\/p>\n<p>&nbsp;<\/p>\n<p>&nbsp;<\/p>\n<p>El director general de Eco5RD, Carlos Pellerano, explic\u00f3 que esta intervenci\u00f3n forma parte del programa \u201cRuta de la Limpieza Navide\u00f1a\u201d, aunque record\u00f3 que la instituci\u00f3n brinda apoyo durante todo el a\u00f1o a los diferentes alcaldes del pa\u00eds. Destac\u00f3 adem\u00e1s que el alcalde Francisco Pe\u00f1a siempre contar\u00e1 con el respaldo total de Eco5RD.<\/p>\n<p>&nbsp;<\/p>\n<p>Pellerano resalt\u00f3 que, adem\u00e1s de las labores de limpieza y aseo, el operativo busca llevar un mensaje de concienciaci\u00f3n ciudadana.<\/p>\n<p>&nbsp;<\/p>\n<p>\u201cNo ser\u00e1 solo un operativo de limpieza; es el Gobierno llegando a cada municipio con un mensaje navide\u00f1o, promoviendo la importancia de mantener los espacios limpios en una \u00e9poca tan especial para las familias dominicanas\u201d, indic\u00f3.<\/p>\n<p>&nbsp;<\/p>\n<p>Como parte de esta iniciativa navide\u00f1a, los residentes de los diferentes barrios pudieron observar los camiones decorados con luces y c\u00e1nticos alusivos a la \u00e9poca, mientras el equipo de colaboradores trabajaba debidamente uniformado.<\/p>\n<p>&nbsp;<\/p>\n<p>Los sectores intervenidos fueron: el Libertador de Herrera, Bayona, El Iv\u00e1n G\u00fazman, El Abanico, El Caf\u00e9 de Herrera , Hato Nuevo, Palave, Bienvenido, Buena Noche,<\/p>\n<p>&nbsp;<\/p>\n<p>Adem\u00e1s Manoguayabo, Las Palmas, La Venta, Olimpo, Herniquillo, Villa Aura, la Cienaga, Bella Colina, San Miguel, Pintura, Prolongaci\u00f3n 27,La autopista 6 de Noviembre.<\/p>\n<p>&nbsp;<\/p>\n<p>&nbsp;<\/p>\n<p>Saneamiento de la ca\u00f1ada de Guajim\u00eda<\/p>\n<p>&nbsp;<\/p>\n<p>Adem\u00e1s del retiro de residuos s\u00f3lidos en las calles, Eco5RD, a trav\u00e9s de la Unidad de R\u00e1pida Acci\u00f3n (UGRA), realiz\u00f3 trabajos de saneamiento en la ca\u00f1ada de Guajim\u00eda, retirando varias toneladas de desechos para devolver la fluidez a esta importante v\u00eda natural. Esta ca\u00f1ada est\u00e1 siendo intervenida por el presidente Luis Abinader con el objetivo de prevenir inundaciones durante fen\u00f3menos atmosf\u00e9ricos.<\/p>\n<p>&nbsp;<\/p>\n<p>Finalmente, Carlos Pellerano agradeci\u00f3 el respaldo del alcalde Francisco Pe\u00f1a y de todo su equipo de colaboradores, resaltando que gracias a su apoyo este operativo fue un \u00e9xito y permiti\u00f3 que el municipio quedara \u201climpiecito\u201d.<img loading=\"lazy\" decoding=\"async\" class=\"alignnone size-medium wp-image-4408\" src=\"https:\/\/periodicolarepublica.com\/wp-content\/uploads\/2025\/11\/IMG-20251123-WA0138-e1763921680510-300x216.jpg\" alt=\"\" width=\"300\" height=\"216\" srcset=\"https:\/\/periodicolarepublica.com\/wp-content\/uploads\/2025\/11\/IMG-20251123-WA0138-e1763921680510-300x216.jpg?v=1763921626 300w, https:\/\/periodicolarepublica.com\/wp-content\/uploads\/2025\/11\/IMG-20251123-WA0138-e1763921680510-150x108.jpg?v=1763921626 150w, https:\/\/periodicolarepublica.com\/wp-content\/uploads\/2025\/11\/IMG-20251123-WA0138-e1763921680510-600x431.jpg?v=1763921626 600w, https:\/\/periodicolarepublica.com\/wp-content\/uploads\/2025\/11\/IMG-20251123-WA0138-e1763921680510.jpg?v=1763921626 640w\" sizes=\"auto, (max-width: 300px) 100vw, 300px\" \/><\/p>\n<p>&nbsp;<\/p>\n<p>&nbsp;<\/p>\n","protected":false},"excerpt":{"rendered":"<p>*Santo Domingo, RD*. Atendiendo al llamado de los comunitarios y por instrucciones precisas del presidente Luis Abinader, la Unidad Ejecutora de la Presidencia Eco5RD realiz\u00f3, durante cinco d\u00edas consecutivos, un amplio operativo de eliminaci\u00f3n de vertederos improvisados y limpieza de ca\u00f1adas en Santo Domingo Oeste, logrando retirar de las calles m\u00e1s de 515 toneladas de [&hellip;]<\/p>\n","protected":false},"author":10,"featured_media":4408,"comment_status":"open","ping_status":"open","sticky":false,"template":"","format":"standard","meta":{"om_disable_all_campaigns":false,"_monsterinsights_skip_tracking":false,"_monsterinsights_sitenote_active":false,"_monsterinsights_sitenote_note":"","_monsterinsights_sitenote_category":0,"footnotes":""},"categories":[1],"tags":[],"class_list":{"0":"post-4491","1":"post","2":"type-post","3":"status-publish","4":"format-standard","5":"has-post-thumbnail","7":"category-nacionales"},"aioseo_notices":[],"_links":{"self":[{"href":"https:\/\/periodicolarepublica.com\/index.php\/wp-json\/wp\/v2\/posts\/4491","targetHints":{"allow":["GET"]}}],"collection":[{"href":"https:\/\/periodicolarepublica.com\/index.php\/wp-json\/wp\/v2\/posts"}],"about":[{"href":"https:\/\/periodicolarepublica.com\/index.php\/wp-json\/wp\/v2\/types\/post"}],"author":[{"embeddable":true,"href":"https:\/\/periodicolarepublica.com\/index.php\/wp-json\/wp\/v2\/users\/10"}],"replies":[{"embeddable":true,"href":"https:\/\/periodicolarepublica.com\/index.php\/wp-json\/wp\/v2\/comments?post=4491"}],"version-history":[{"count":1,"href":"https:\/\/periodicolarepublica.com\/index.php\/wp-json\/wp\/v2\/posts\/4491\/revisions"}],"predecessor-version":[{"id":4492,"href":"https:\/\/periodicolarepublica.com\/index.php\/wp-json\/wp\/v2\/posts\/4491\/revisions\/4492"}],"wp:featuredmedia":[{"embeddable":true,"href":"https:\/\/periodicolarepublica.com\/index.php\/wp-json\/wp\/v2\/media\/4408"}],"wp:attachment":[{"href":"https:\/\/periodicolarepublica.com\/index.php\/wp-json\/wp\/v2\/media?parent=4491"}],"wp:term":[{"taxonomy":"category","embeddable":true,"href":"https:\/\/periodicolarepublica.com\/index.php\/wp-json\/wp\/v2\/categories?post=4491"},{"taxonomy":"post_tag","embeddable":true,"href":"https:\/\/periodicolarepublica.com\/index.php\/wp-json\/wp\/v2\/tags?post=4491"}],"curies":[{"name":"wp","href":"https:\/\/api.w.org\/{rel}","templated":true}]}}