{"id":4493,"date":"2025-12-01T14:36:10","date_gmt":"2025-12-01T18:36:10","guid":{"rendered":"https:\/\/periodicolarepublica.com\/?p=4493"},"modified":"2025-12-01T14:36:10","modified_gmt":"2025-12-01T18:36:10","slug":"hernandez-alberto-afirma-que-el-cambio-no-se-desplomo-lo-que-se-desplomo-fue-el-viejo-estilo-de-gobernar-que-representa-leonel-fernandez","status":"publish","type":"post","link":"https:\/\/periodicolarepublica.com\/index.php\/2025\/12\/01\/hernandez-alberto-afirma-que-el-cambio-no-se-desplomo-lo-que-se-desplomo-fue-el-viejo-estilo-de-gobernar-que-representa-leonel-fernandez\/","title":{"rendered":"Hern\u00e1ndez Alberto afirma que \u201cel cambio no se desplom\u00f3, lo que se desplom\u00f3 fue el viejo estilo de gobernar que representa Leonel Fern\u00e1ndez\u201d"},"content":{"rendered":"<p>Santo Domingo, R.D. \u2013 El presidente del Movimiento Poder P\u2019AL Pueblo, Tom\u00e1s Hern\u00e1ndez Alberto, respondi\u00f3 este lunes a las declaraciones del expresidente Leonel Fern\u00e1ndez, quien afirm\u00f3 que \u201cel cambio se desplom\u00f3\u201d, se\u00f1alando que estas expresiones reflejan la visi\u00f3n de un liderazgo que \u201cnunca crey\u00f3 en la transformaci\u00f3n ni en la transparencia que hoy experimenta la Rep\u00fablica Dominicana\u201d.<\/p>\n<p>&nbsp;<\/p>\n<p>Hern\u00e1ndez Alberto asegur\u00f3 que el pa\u00eds vive avances tangibles bajo la actual gesti\u00f3n gubernamental, destacando la transparencia institucional, la inversi\u00f3n p\u00fablica hist\u00f3rica, el fortalecimiento del sector agropecuario, el crecimiento sostenido del turismo y la implementaci\u00f3n de programas sociales que llegan directamente a las familias sin intermediarios.<\/p>\n<p>&nbsp;<\/p>\n<p>\u201cDecir que \u2018el cambio se desplom\u00f3\u2019 es exactamente lo que uno esperar\u00eda de quien mira al pa\u00eds con los lentes del pasado. Hoy los dominicanos vemos un gobierno que rinde cuentas, que trabaja de frente al pueblo y que impulsa el desarrollo con hechos, no con discursos\u201d, expres\u00f3.<\/p>\n<p>&nbsp;<\/p>\n<p>Asimismo, afirm\u00f3 que lo que realmente qued\u00f3 atr\u00e1s fue \u201cel viejo estilo de gobernar\u201d: el silencio ante la corrupci\u00f3n, la falta de apoyo al productor nacional y las obras anunciadas que nunca se ejecutaban. \u201cEse modelo se desplom\u00f3 hace tiempo porque el pueblo lo rechaz\u00f3\u201d, a\u00f1adi\u00f3.<\/p>\n<p>&nbsp;<\/p>\n<p>Tom\u00e1s Hern\u00e1ndez Alberto concluy\u00f3 diciendo que la Rep\u00fablica Dominicana avanza con firmeza gracias a una gesti\u00f3n que apuesta al futuro, a la honestidad y a soluciones reales para la gente.<img loading=\"lazy\" decoding=\"async\" class=\"size-medium wp-image-1804 alignright\" src=\"https:\/\/periodicolarepublica.com\/wp-content\/uploads\/2024\/10\/IMG-20240525-WA0100-300x200.jpg\" alt=\"\" width=\"300\" height=\"200\" srcset=\"https:\/\/periodicolarepublica.com\/wp-content\/uploads\/2024\/10\/IMG-20240525-WA0100-300x200.jpg?v=1727804560 300w, https:\/\/periodicolarepublica.com\/wp-content\/uploads\/2024\/10\/IMG-20240525-WA0100-1024x682.jpg?v=1727804560 1024w, https:\/\/periodicolarepublica.com\/wp-content\/uploads\/2024\/10\/IMG-20240525-WA0100-768x511.jpg?v=1727804560 768w, https:\/\/periodicolarepublica.com\/wp-content\/uploads\/2024\/10\/IMG-20240525-WA0100-150x100.jpg?v=1727804560 150w, https:\/\/periodicolarepublica.com\/wp-content\/uploads\/2024\/10\/IMG-20240525-WA0100-600x399.jpg?v=1727804560 600w, https:\/\/periodicolarepublica.com\/wp-content\/uploads\/2024\/10\/IMG-20240525-WA0100-696x463.jpg?v=1727804560 696w, https:\/\/periodicolarepublica.com\/wp-content\/uploads\/2024\/10\/IMG-20240525-WA0100-1068x711.jpg?v=1727804560 1068w, https:\/\/periodicolarepublica.com\/wp-content\/uploads\/2024\/10\/IMG-20240525-WA0100.jpg?v=1727804560 1080w\" sizes=\"auto, (max-width: 300px) 100vw, 300px\" \/><\/p>\n","protected":false},"excerpt":{"rendered":"<p>Santo Domingo, R.D. \u2013 El presidente del Movimiento Poder P\u2019AL Pueblo, Tom\u00e1s Hern\u00e1ndez Alberto, respondi\u00f3 este lunes a las declaraciones del expresidente Leonel Fern\u00e1ndez, quien afirm\u00f3 que \u201cel cambio se desplom\u00f3\u201d, se\u00f1alando que estas expresiones reflejan la visi\u00f3n de un liderazgo que \u201cnunca crey\u00f3 en la transformaci\u00f3n ni en la transparencia que hoy experimenta la [&hellip;]<\/p>\n","protected":false},"author":10,"featured_media":1804,"comment_status":"open","ping_status":"open","sticky":false,"template":"","format":"standard","meta":{"om_disable_all_campaigns":false,"_monsterinsights_skip_tracking":false,"_monsterinsights_sitenote_active":false,"_monsterinsights_sitenote_note":"","_monsterinsights_sitenote_category":0,"footnotes":""},"categories":[1],"tags":[163],"class_list":{"0":"post-4493","1":"post","2":"type-post","3":"status-publish","4":"format-standard","5":"has-post-thumbnail","7":"category-nacionales","8":"tag-tomas-hernandez-alberto"},"aioseo_notices":[],"_links":{"self":[{"href":"https:\/\/periodicolarepublica.com\/index.php\/wp-json\/wp\/v2\/posts\/4493","targetHints":{"allow":["GET"]}}],"collection":[{"href":"https:\/\/periodicolarepublica.com\/index.php\/wp-json\/wp\/v2\/posts"}],"about":[{"href":"https:\/\/periodicolarepublica.com\/index.php\/wp-json\/wp\/v2\/types\/post"}],"author":[{"embeddable":true,"href":"https:\/\/periodicolarepublica.com\/index.php\/wp-json\/wp\/v2\/users\/10"}],"replies":[{"embeddable":true,"href":"https:\/\/periodicolarepublica.com\/index.php\/wp-json\/wp\/v2\/comments?post=4493"}],"version-history":[{"count":1,"href":"https:\/\/periodicolarepublica.com\/index.php\/wp-json\/wp\/v2\/posts\/4493\/revisions"}],"predecessor-version":[{"id":4494,"href":"https:\/\/periodicolarepublica.com\/index.php\/wp-json\/wp\/v2\/posts\/4493\/revisions\/4494"}],"wp:featuredmedia":[{"embeddable":true,"href":"https:\/\/periodicolarepublica.com\/index.php\/wp-json\/wp\/v2\/media\/1804"}],"wp:attachment":[{"href":"https:\/\/periodicolarepublica.com\/index.php\/wp-json\/wp\/v2\/media?parent=4493"}],"wp:term":[{"taxonomy":"category","embeddable":true,"href":"https:\/\/periodicolarepublica.com\/index.php\/wp-json\/wp\/v2\/categories?post=4493"},{"taxonomy":"post_tag","embeddable":true,"href":"https:\/\/periodicolarepublica.com\/index.php\/wp-json\/wp\/v2\/tags?post=4493"}],"curies":[{"name":"wp","href":"https:\/\/api.w.org\/{rel}","templated":true}]}}