{"id":4495,"date":"2025-12-01T18:54:41","date_gmt":"2025-12-01T22:54:41","guid":{"rendered":"https:\/\/periodicolarepublica.com\/?p=4495"},"modified":"2025-12-01T18:54:41","modified_gmt":"2025-12-01T22:54:41","slug":"surge-rumor-de-luis-para-2028-en-pagina-web-y-redes","status":"publish","type":"post","link":"https:\/\/periodicolarepublica.com\/index.php\/2025\/12\/01\/surge-rumor-de-luis-para-2028-en-pagina-web-y-redes\/","title":{"rendered":"Surge rumor de Lu\u00eds para 2028 en p\u00e1gina Web y redes"},"content":{"rendered":"<p>Comenz\u00f3 a circular en redes el rumor alrededor de una p\u00e1gina llamada luis28.com, que algunos usuarios asocian sin confirmaci\u00f3n oficial con un posible movimiento pol\u00edtico rumbo al 2028, tampoco hace ninguna referencia ni relaci\u00f3n a la figura del Luis Abinader, ya que la p\u00e1gina no dice m\u00e1s que Lu\u00eds 28, y no se puede pretender que sea promoci\u00f3n alguna.<\/p>\n<p>La aparici\u00f3n del sitio ha generado curiosidad inmediata y multiplicado las especulaciones.<\/p>\n<p>Se recuerda que la Constituci\u00f3n Dominicana mantiene vigente el candado que impide un tercer mandato consecutivo, lo que elimina cualquier posibilidad legal de una candidatura presidencial de Abinader bajo el marco actual.<\/p>\n<p>Por eso, muchos interpretan la difusi\u00f3n de luis28.com como una posible iniciativa de simpatizantes, una acci\u00f3n de grupos interesados o simplemente un intento de mover el ambiente pol\u00edtico y provocar conversaci\u00f3n.<\/p>\n<p>El origen real del sitio a\u00fan no est\u00e1 claro, pero el rumor, ya comenz\u00f3 a sacudir el debate p\u00fablico.<\/p>\n<p><img loading=\"lazy\" decoding=\"async\" class=\"alignnone size-medium wp-image-4496\" src=\"https:\/\/periodicolarepublica.com\/wp-content\/uploads\/2025\/12\/IMG-20251201-WA0047-300x221.jpg\" alt=\"\" width=\"300\" height=\"221\" srcset=\"https:\/\/periodicolarepublica.com\/wp-content\/uploads\/2025\/12\/IMG-20251201-WA0047-300x221.jpg 300w, https:\/\/periodicolarepublica.com\/wp-content\/uploads\/2025\/12\/IMG-20251201-WA0047-1024x754.jpg 1024w, https:\/\/periodicolarepublica.com\/wp-content\/uploads\/2025\/12\/IMG-20251201-WA0047-768x565.jpg 768w, https:\/\/periodicolarepublica.com\/wp-content\/uploads\/2025\/12\/IMG-20251201-WA0047-150x110.jpg 150w, https:\/\/periodicolarepublica.com\/wp-content\/uploads\/2025\/12\/IMG-20251201-WA0047-600x442.jpg 600w, https:\/\/periodicolarepublica.com\/wp-content\/uploads\/2025\/12\/IMG-20251201-WA0047-696x512.jpg 696w, https:\/\/periodicolarepublica.com\/wp-content\/uploads\/2025\/12\/IMG-20251201-WA0047-1068x786.jpg 1068w, https:\/\/periodicolarepublica.com\/wp-content\/uploads\/2025\/12\/IMG-20251201-WA0047.jpg 1280w\" sizes=\"auto, (max-width: 300px) 100vw, 300px\" \/><\/p>\n<p>&nbsp;<\/p>\n","protected":false},"excerpt":{"rendered":"<p>Comenz\u00f3 a circular en redes el rumor alrededor de una p\u00e1gina llamada luis28.com, que algunos usuarios asocian sin confirmaci\u00f3n oficial con un posible movimiento pol\u00edtico rumbo al 2028, tampoco hace ninguna referencia ni relaci\u00f3n a la figura del Luis Abinader, ya que la p\u00e1gina no dice m\u00e1s que Lu\u00eds 28, y no se puede pretender [&hellip;]<\/p>\n","protected":false},"author":6,"featured_media":4496,"comment_status":"open","ping_status":"open","sticky":false,"template":"","format":"standard","meta":{"om_disable_all_campaigns":false,"_monsterinsights_skip_tracking":false,"_monsterinsights_sitenote_active":false,"_monsterinsights_sitenote_note":"","_monsterinsights_sitenote_category":0,"footnotes":""},"categories":[1],"tags":[490],"class_list":{"0":"post-4495","1":"post","2":"type-post","3":"status-publish","4":"format-standard","5":"has-post-thumbnail","7":"category-nacionales","8":"tag-luis28-com"},"aioseo_notices":[],"_links":{"self":[{"href":"https:\/\/periodicolarepublica.com\/index.php\/wp-json\/wp\/v2\/posts\/4495","targetHints":{"allow":["GET"]}}],"collection":[{"href":"https:\/\/periodicolarepublica.com\/index.php\/wp-json\/wp\/v2\/posts"}],"about":[{"href":"https:\/\/periodicolarepublica.com\/index.php\/wp-json\/wp\/v2\/types\/post"}],"author":[{"embeddable":true,"href":"https:\/\/periodicolarepublica.com\/index.php\/wp-json\/wp\/v2\/users\/6"}],"replies":[{"embeddable":true,"href":"https:\/\/periodicolarepublica.com\/index.php\/wp-json\/wp\/v2\/comments?post=4495"}],"version-history":[{"count":2,"href":"https:\/\/periodicolarepublica.com\/index.php\/wp-json\/wp\/v2\/posts\/4495\/revisions"}],"predecessor-version":[{"id":4498,"href":"https:\/\/periodicolarepublica.com\/index.php\/wp-json\/wp\/v2\/posts\/4495\/revisions\/4498"}],"wp:featuredmedia":[{"embeddable":true,"href":"https:\/\/periodicolarepublica.com\/index.php\/wp-json\/wp\/v2\/media\/4496"}],"wp:attachment":[{"href":"https:\/\/periodicolarepublica.com\/index.php\/wp-json\/wp\/v2\/media?parent=4495"}],"wp:term":[{"taxonomy":"category","embeddable":true,"href":"https:\/\/periodicolarepublica.com\/index.php\/wp-json\/wp\/v2\/categories?post=4495"},{"taxonomy":"post_tag","embeddable":true,"href":"https:\/\/periodicolarepublica.com\/index.php\/wp-json\/wp\/v2\/tags?post=4495"}],"curies":[{"name":"wp","href":"https:\/\/api.w.org\/{rel}","templated":true}]}}