{"id":4505,"date":"2025-12-03T09:29:11","date_gmt":"2025-12-03T13:29:11","guid":{"rendered":"https:\/\/periodicolarepublica.com\/?p=4505"},"modified":"2025-12-03T09:29:11","modified_gmt":"2025-12-03T13:29:11","slug":"victor-pichardo-e-ito-bisono-coordinan-jornada-verificate-en-monte-plata-para-validar-padron-del-prm","status":"publish","type":"post","link":"https:\/\/periodicolarepublica.com\/index.php\/2025\/12\/03\/victor-pichardo-e-ito-bisono-coordinan-jornada-verificate-en-monte-plata-para-validar-padron-del-prm\/","title":{"rendered":"V\u00edctor Pichardo e Ito Bison\u00f3 coordinan jornada \u201cVerif\u00edcate\u201d en Monte Plata, para validar padr\u00f3n del PRM"},"content":{"rendered":"<p>*Monte Plata.* \u2014 El presidente provincial del Partido Revolucionario Moderno (PRM), V\u00edctor Pichardo, encabez\u00f3 este martes una reuni\u00f3n de planificaci\u00f3n junto al dirigente nacional y enlace pol\u00edtico V\u00edctor Ito Bison\u00f3, con el prop\u00f3sito de coordinar la jornada de verificaci\u00f3n del padr\u00f3n electoral de ese partido, jornada que se realizar\u00e1 este fin de semana en todos los municipios y distritos de la provincia.<\/p>\n<p>&nbsp;<\/p>\n<p>La actividad forma parte del programa nacional \u201cVerif\u00edcate\u201d, iniciativa que busca fortalecer, transparentar y actualizar el registro de militantes del PRM en todo el pa\u00eds.<\/p>\n<p>&nbsp;<\/p>\n<p>Durante el encuentro, Pichardo destac\u00f3 la importancia del proceso y el rol que asumir\u00e1 la provincia en esta etapa nacional.<\/p>\n<p>&nbsp;<\/p>\n<p>\u201cNos reunimos con los equipos territoriales, la juventud, las mujeres, los regidores y todas nuestras autoridades para establecer un plan de acci\u00f3n que nos permita verificar cada miembro del partido. Con este trabajo aseguramos un padr\u00f3n s\u00f3lido y actualizado de cara a los pr\u00f3ximos procesos electorales\u201d, afirm\u00f3.<\/p>\n<p>&nbsp;<\/p>\n<p>El dirigente sostuvo que el PRM se ha consolidado como la principal fuerza pol\u00edtica tanto a nivel nacional como en Monte Plata, y exhort\u00f3 a la dirigencia a lanzarse a las calles para garantizar el \u00e9xito de la jornada. Asimismo, destac\u00f3 las inversiones del Gobierno en carreteras, hospitales, escuelas y entrega de t\u00edtulos de propiedad, afirmando que la provincia \u201choy muestra un desarrollo sin precedentes\u201d.<\/p>\n<p>&nbsp;<\/p>\n<p>De su lado, V\u00edctor Ito Bison\u00f3 valor\u00f3 el compromiso de la dirigencia provincial y subray\u00f3 que la verificaci\u00f3n es esencial para mantener la estructura partidaria en condiciones \u00f3ptimas.<\/p>\n<p>&nbsp;<\/p>\n<p>\u201cMonte Plata demuestra una vez m\u00e1s su compromiso con el fortalecimiento institucional del PRM. Esta estructura unificada garantiza un padr\u00f3n robusto para los retos electorales por venir\u201d, expres\u00f3.<\/p>\n<p>&nbsp;<\/p>\n<p>Bison\u00f3 resalt\u00f3 que la jornada nacional ya ha registrado m\u00e1s de 100 mil militantes verificados en un solo fin de semana, lo que refleja el entusiasmo de la base del PRM. Tambi\u00e9n llam\u00f3 a los dirigentes a aprovechar las herramientas tecnol\u00f3gicas y sistemas de inteligencia artificial incorporados en esta etapa de modernizaci\u00f3n partidaria.<\/p>\n<p>&nbsp;<\/p>\n<p>Como parte del encuentro, se explicaron los m\u00e9todos de inscripci\u00f3n digital, actualizaci\u00f3n de datos y confirmaci\u00f3n de militantes dentro del programa \u201cVerif\u00edcate\u201d.<\/p>\n<p>&nbsp;<\/p>\n<p>Adem\u00e1s, se exhort\u00f3 a los simpatizantes y nuevos integrantes a verificarse e inscribirse, destacando la importancia de mantener un padr\u00f3n moderno, confiable y transparente para los pr\u00f3ximos procesos internos y electorales.<\/p>\n<p>&nbsp;<\/p>\n<p>A la reuni\u00f3n asistieron presidentes municipales, coordinadores territoriales y dirigentes sectoriales, quienes reiteraron su compromiso con el fortalecimiento del PRM en Monte Plata. Entre los presentes estuvieron: Rafaela Javier Gomera, gobernadora provincial; Pedro Tineo, senador; los dirigentes Anderson de los Santos, Rafael De Luna y Santiago Manzueta, entre otros. As\u00ed como directores de distritos municipales, regidores y miembros de la estructura operativa del partido.<\/p>\n<p>&nbsp;<\/p>\n<p>Pichardo y Bison\u00f3 coincidieron en que este proceso permitir\u00e1 depurar, organizar y ampliar la matr\u00edcula partidaria, garantizando que el PRM llegue fortalecido a los compromisos electorales de 2028.<\/p>\n<p><img loading=\"lazy\" decoding=\"async\" class=\"alignnone size-medium wp-image-4506\" src=\"https:\/\/periodicolarepublica.com\/wp-content\/uploads\/2025\/12\/IMG-20251203-WA0005-e1764768529231-300x291.jpg\" alt=\"\" width=\"300\" height=\"291\" srcset=\"https:\/\/periodicolarepublica.com\/wp-content\/uploads\/2025\/12\/IMG-20251203-WA0005-e1764768529231-300x291.jpg 300w, https:\/\/periodicolarepublica.com\/wp-content\/uploads\/2025\/12\/IMG-20251203-WA0005-e1764768529231-150x146.jpg 150w, https:\/\/periodicolarepublica.com\/wp-content\/uploads\/2025\/12\/IMG-20251203-WA0005-e1764768529231-600x583.jpg 600w, https:\/\/periodicolarepublica.com\/wp-content\/uploads\/2025\/12\/IMG-20251203-WA0005-e1764768529231-696x676.jpg 696w, https:\/\/periodicolarepublica.com\/wp-content\/uploads\/2025\/12\/IMG-20251203-WA0005-e1764768529231.jpg 702w\" sizes=\"auto, (max-width: 300px) 100vw, 300px\" \/><\/p>\n","protected":false},"excerpt":{"rendered":"<p>*Monte Plata.* \u2014 El presidente provincial del Partido Revolucionario Moderno (PRM), V\u00edctor Pichardo, encabez\u00f3 este martes una reuni\u00f3n de planificaci\u00f3n junto al dirigente nacional y enlace pol\u00edtico V\u00edctor Ito Bison\u00f3, con el prop\u00f3sito de coordinar la jornada de verificaci\u00f3n del padr\u00f3n electoral de ese partido, jornada que se realizar\u00e1 este fin de semana en todos [&hellip;]<\/p>\n","protected":false},"author":6,"featured_media":4506,"comment_status":"open","ping_status":"open","sticky":false,"template":"","format":"standard","meta":{"om_disable_all_campaigns":false,"_monsterinsights_skip_tracking":false,"_monsterinsights_sitenote_active":false,"_monsterinsights_sitenote_note":"","_monsterinsights_sitenote_category":0,"footnotes":""},"categories":[1],"tags":[],"class_list":{"0":"post-4505","1":"post","2":"type-post","3":"status-publish","4":"format-standard","5":"has-post-thumbnail","7":"category-nacionales"},"aioseo_notices":[],"_links":{"self":[{"href":"https:\/\/periodicolarepublica.com\/index.php\/wp-json\/wp\/v2\/posts\/4505","targetHints":{"allow":["GET"]}}],"collection":[{"href":"https:\/\/periodicolarepublica.com\/index.php\/wp-json\/wp\/v2\/posts"}],"about":[{"href":"https:\/\/periodicolarepublica.com\/index.php\/wp-json\/wp\/v2\/types\/post"}],"author":[{"embeddable":true,"href":"https:\/\/periodicolarepublica.com\/index.php\/wp-json\/wp\/v2\/users\/6"}],"replies":[{"embeddable":true,"href":"https:\/\/periodicolarepublica.com\/index.php\/wp-json\/wp\/v2\/comments?post=4505"}],"version-history":[{"count":1,"href":"https:\/\/periodicolarepublica.com\/index.php\/wp-json\/wp\/v2\/posts\/4505\/revisions"}],"predecessor-version":[{"id":4507,"href":"https:\/\/periodicolarepublica.com\/index.php\/wp-json\/wp\/v2\/posts\/4505\/revisions\/4507"}],"wp:featuredmedia":[{"embeddable":true,"href":"https:\/\/periodicolarepublica.com\/index.php\/wp-json\/wp\/v2\/media\/4506"}],"wp:attachment":[{"href":"https:\/\/periodicolarepublica.com\/index.php\/wp-json\/wp\/v2\/media?parent=4505"}],"wp:term":[{"taxonomy":"category","embeddable":true,"href":"https:\/\/periodicolarepublica.com\/index.php\/wp-json\/wp\/v2\/categories?post=4505"},{"taxonomy":"post_tag","embeddable":true,"href":"https:\/\/periodicolarepublica.com\/index.php\/wp-json\/wp\/v2\/tags?post=4505"}],"curies":[{"name":"wp","href":"https:\/\/api.w.org\/{rel}","templated":true}]}}