{"id":4509,"date":"2025-12-03T10:16:19","date_gmt":"2025-12-03T14:16:19","guid":{"rendered":"https:\/\/periodicolarepublica.com\/?p=4509"},"modified":"2025-12-03T10:16:19","modified_gmt":"2025-12-03T14:16:19","slug":"alto-costo-de-la-vida-encabeza-las-principales-preocupaciones-de-los-dominicanos-segun-estudio-de-red-estelar","status":"publish","type":"post","link":"https:\/\/periodicolarepublica.com\/index.php\/2025\/12\/03\/alto-costo-de-la-vida-encabeza-las-principales-preocupaciones-de-los-dominicanos-segun-estudio-de-red-estelar\/","title":{"rendered":"Alto costo de la vida encabeza las principales preocupaciones de los dominicanos, seg\u00fan estudio de Red Estelar"},"content":{"rendered":"<p>Santo Domingo.\u2013 El m\u00e1s reciente levantamiento de la firma Red Estelar \u2013 Centro de Estudios P\u00fablicos revela que el alto costo de la vida contin\u00faa siendo el principal problema que afecta a las comunidades del pa\u00eds, se\u00f1alado por el 16.22% de los ciudadanos consultados.<\/p>\n<p>&nbsp;<\/p>\n<p>De acuerdo con el informe, la inflaci\u00f3n en productos b\u00e1sicos y el aumento de los servicios esenciales lideran las inquietudes de la poblaci\u00f3n. El 46.9% de los encuestados identific\u00f3 el incremento en el precio de los alimentos como la principal causa del encarecimiento general, seguido del alto costo de la energ\u00eda el\u00e9ctrica (32.05%), las medicinas (6.8%) y los alquileres y viviendas (4.6%).<\/p>\n<p>&nbsp;<\/p>\n<p>Los resultados tambi\u00e9n reflejan que los ciudadanos perciben una disminuci\u00f3n progresiva de su poder adquisitivo, junto a un aumento constante de los gastos dom\u00e9sticos, lo que afecta directamente su capacidad de ahorro y consumo.<\/p>\n<p>&nbsp;<\/p>\n<p>El estudio detalla, adem\u00e1s, que aunque el 58.4% de la poblaci\u00f3n aprueba la gesti\u00f3n del presidente Luis Abinader, el malestar econ\u00f3mico contin\u00faa siendo el factor de mayor peso en la opini\u00f3n p\u00fablica. La inseguridad (14.7%), la p\u00e9rdida del poder adquisitivo (9.4%), el desempleo (6.5%) y las deficiencias en los servicios p\u00fablicos (agua y electricidad) completan la lista de los principales problemas se\u00f1alados por la ciudadan\u00eda.<\/p>\n<p>&nbsp;<\/p>\n<p>En un apartado adicional, Red Estelar destaca que, al profundizar en el tema del alto costo de la vida, el 32.68% de los encuestados volvi\u00f3 a citar el precio de los alimentos como su mayor preocupaci\u00f3n, seguido del costo de la energ\u00eda el\u00e9ctrica (20.22%) y el alto precio de las medicinas (12.33%). Tambi\u00e9n fueron mencionados el incremento en los alquileres y los precios de los combustibles.<\/p>\n<p>&nbsp;<\/p>\n<p>El informe concluye que esta combinaci\u00f3n de inflaci\u00f3n percibida y precariedad en servicios b\u00e1sicos configura un escenario de tensi\u00f3n econ\u00f3mica que influye directamente en la evaluaci\u00f3n de las pol\u00edticas p\u00fablicas y en la confianza ciudadana hacia sus autoridades.<\/p>\n<p><img loading=\"lazy\" decoding=\"async\" class=\"alignnone size-medium wp-image-4510\" src=\"https:\/\/periodicolarepublica.com\/wp-content\/uploads\/2025\/12\/IMG-20251203-WA0010-300x170.jpg\" alt=\"\" width=\"300\" height=\"170\" srcset=\"https:\/\/periodicolarepublica.com\/wp-content\/uploads\/2025\/12\/IMG-20251203-WA0010-300x170.jpg 300w, https:\/\/periodicolarepublica.com\/wp-content\/uploads\/2025\/12\/IMG-20251203-WA0010-150x85.jpg 150w, https:\/\/periodicolarepublica.com\/wp-content\/uploads\/2025\/12\/IMG-20251203-WA0010-600x340.jpg 600w, https:\/\/periodicolarepublica.com\/wp-content\/uploads\/2025\/12\/IMG-20251203-WA0010-648x369.jpg 648w, https:\/\/periodicolarepublica.com\/wp-content\/uploads\/2025\/12\/IMG-20251203-WA0010.jpg 652w\" sizes=\"auto, (max-width: 300px) 100vw, 300px\" \/><\/p>\n","protected":false},"excerpt":{"rendered":"<p>Santo Domingo.\u2013 El m\u00e1s reciente levantamiento de la firma Red Estelar \u2013 Centro de Estudios P\u00fablicos revela que el alto costo de la vida contin\u00faa siendo el principal problema que afecta a las comunidades del pa\u00eds, se\u00f1alado por el 16.22% de los ciudadanos consultados. &nbsp; De acuerdo con el informe, la inflaci\u00f3n en productos b\u00e1sicos [&hellip;]<\/p>\n","protected":false},"author":6,"featured_media":4510,"comment_status":"open","ping_status":"open","sticky":false,"template":"","format":"standard","meta":{"om_disable_all_campaigns":false,"_monsterinsights_skip_tracking":false,"_monsterinsights_sitenote_active":false,"_monsterinsights_sitenote_note":"","_monsterinsights_sitenote_category":0,"footnotes":""},"categories":[1],"tags":[],"class_list":{"0":"post-4509","1":"post","2":"type-post","3":"status-publish","4":"format-standard","5":"has-post-thumbnail","7":"category-nacionales"},"aioseo_notices":[],"_links":{"self":[{"href":"https:\/\/periodicolarepublica.com\/index.php\/wp-json\/wp\/v2\/posts\/4509","targetHints":{"allow":["GET"]}}],"collection":[{"href":"https:\/\/periodicolarepublica.com\/index.php\/wp-json\/wp\/v2\/posts"}],"about":[{"href":"https:\/\/periodicolarepublica.com\/index.php\/wp-json\/wp\/v2\/types\/post"}],"author":[{"embeddable":true,"href":"https:\/\/periodicolarepublica.com\/index.php\/wp-json\/wp\/v2\/users\/6"}],"replies":[{"embeddable":true,"href":"https:\/\/periodicolarepublica.com\/index.php\/wp-json\/wp\/v2\/comments?post=4509"}],"version-history":[{"count":1,"href":"https:\/\/periodicolarepublica.com\/index.php\/wp-json\/wp\/v2\/posts\/4509\/revisions"}],"predecessor-version":[{"id":4511,"href":"https:\/\/periodicolarepublica.com\/index.php\/wp-json\/wp\/v2\/posts\/4509\/revisions\/4511"}],"wp:featuredmedia":[{"embeddable":true,"href":"https:\/\/periodicolarepublica.com\/index.php\/wp-json\/wp\/v2\/media\/4510"}],"wp:attachment":[{"href":"https:\/\/periodicolarepublica.com\/index.php\/wp-json\/wp\/v2\/media?parent=4509"}],"wp:term":[{"taxonomy":"category","embeddable":true,"href":"https:\/\/periodicolarepublica.com\/index.php\/wp-json\/wp\/v2\/categories?post=4509"},{"taxonomy":"post_tag","embeddable":true,"href":"https:\/\/periodicolarepublica.com\/index.php\/wp-json\/wp\/v2\/tags?post=4509"}],"curies":[{"name":"wp","href":"https:\/\/api.w.org\/{rel}","templated":true}]}}