{"id":4512,"date":"2025-12-03T10:25:35","date_gmt":"2025-12-03T14:25:35","guid":{"rendered":"https:\/\/periodicolarepublica.com\/?p=4512"},"modified":"2025-12-03T10:25:35","modified_gmt":"2025-12-03T14:25:35","slug":"psicologos-denuncian-abandono-estatal-en-salud-mental-y-presenta-propuesta-integral-para-instituciones-y-carceles-en-republica-dominicana","status":"publish","type":"post","link":"https:\/\/periodicolarepublica.com\/index.php\/2025\/12\/03\/psicologos-denuncian-abandono-estatal-en-salud-mental-y-presenta-propuesta-integral-para-instituciones-y-carceles-en-republica-dominicana\/","title":{"rendered":"Psic\u00f3logos denuncian abandono estatal en salud mental y presenta propuesta integral para instituciones y c\u00e1rceles en Rep\u00fablica Dominicana"},"content":{"rendered":"<p>Santo Domingo.\u2013 El psic\u00f3logo cl\u00ednico Lic. Juan Taveras de Oleo alert\u00f3 nuevamente sobre la profunda crisis de salud mental que atraviesa la Rep\u00fablica Dominicana, denunciando la indiferencia del Estado frente a una problem\u00e1tica que contin\u00faa creciendo sin respuestas claras ni pol\u00edticas p\u00fablicas efectivas.<\/p>\n<p>&nbsp;<\/p>\n<p>Seg\u00fan explic\u00f3 el especialista, la falta de psic\u00f3logos en escuelas, hospitales, fiscal\u00edas, cuerpos castrenses y centros penitenciarios evidencia un abandono estructural que deja desprotegida a la poblaci\u00f3n m\u00e1s vulnerable. \u201cLa salud mental est\u00e1 siendo tratada como un tema secundario, cuando en realidad deber\u00eda ser una prioridad nacional\u201d, afirm\u00f3.<\/p>\n<p>&nbsp;<\/p>\n<p>&nbsp;<\/p>\n<p>Propuesta integral del Lic. Juan Taveras de Oleo para instituciones p\u00fablicas y c\u00e1rceles<\/p>\n<p>&nbsp;<\/p>\n<p>Como parte de su compromiso con la intervenci\u00f3n comunitaria, el Lic. Taveras de Oleo present\u00f3 una propuesta formal dirigida al Estado dominicano, enfocada en la prevenci\u00f3n, atenci\u00f3n y rehabilitaci\u00f3n psicol\u00f3gica tanto en instituciones p\u00fablicas como en los centros penitenciarios del pa\u00eds. Su planteamiento incluye las siguientes acciones:<\/p>\n<p>&nbsp;<\/p>\n<p>1. Creaci\u00f3n de Unidades Permanentes de Salud Mental en instituciones p\u00fablicas<\/p>\n<p>&nbsp;<\/p>\n<p>Integraci\u00f3n de psic\u00f3logos cl\u00ednicos y comunitarios en escuelas, hospitales, fiscal\u00edas, comisar\u00edas y oficinas gubernamentales.<\/p>\n<p>&nbsp;<\/p>\n<p>Implementaci\u00f3n de programas de intervenci\u00f3n en crisis, manejo del estr\u00e9s, prevenci\u00f3n del suicidio y orientaci\u00f3n familiar.<\/p>\n<p>&nbsp;<\/p>\n<p>Capacitaciones continuas al personal institucional para detectar se\u00f1ales de alarma en empleados y ciudadanos.<\/p>\n<p>&nbsp;<\/p>\n<p>&nbsp;<\/p>\n<p>2. Programa Nacional de Intervenci\u00f3n Psicol\u00f3gica en Centros Penitenciarios<\/p>\n<p>&nbsp;<\/p>\n<p>Instalaci\u00f3n de equipos interdisciplinarios compuestos por psic\u00f3logos, trabajadores sociales y psiquiatras.<\/p>\n<p>&nbsp;<\/p>\n<p>Evaluaciones peri\u00f3dicas de la salud emocional de los internos, especialmente en \u00e1reas como depresi\u00f3n, agresividad, consumo de sustancias y riesgo suicida.<\/p>\n<p>&nbsp;<\/p>\n<p>Terapias grupales e individuales orientadas a la rehabilitaci\u00f3n emocional y la reinserci\u00f3n social.<\/p>\n<p>&nbsp;<\/p>\n<p>Talleres de autocontrol, manejo de impulsos, resoluci\u00f3n de conflictos y habilidades para la vida.<\/p>\n<p>&nbsp;<\/p>\n<p>&nbsp;<\/p>\n<p>3. Formaci\u00f3n y capacitaci\u00f3n de agentes penitenciarios y militares<\/p>\n<p>&nbsp;<\/p>\n<p>Entrenamiento psicol\u00f3gico para el personal que trabaja con privados de libertad, reforzando competencias como contenci\u00f3n emocional, desescalamiento de agresiones y manejo de situaciones traum\u00e1ticas.<\/p>\n<p>&nbsp;<\/p>\n<p>Sensibilizaci\u00f3n contra el abuso institucional y la violencia estructural.<\/p>\n<p>&nbsp;<\/p>\n<p>&nbsp;<\/p>\n<p>4. Observatorio Nacional de Salud Mental y Violencia Institucional<\/p>\n<p>&nbsp;<\/p>\n<p>Creaci\u00f3n de un organismo que monitoree los indicadores de salud emocional en c\u00e1rceles y entidades estatales.<\/p>\n<p>&nbsp;<\/p>\n<p>Publicaci\u00f3n de informes semestrales para garantizar transparencia y evaluar el impacto de las intervenciones.<\/p>\n<p>&nbsp;<\/p>\n<p>*Un llamado urgente al Estado Dominicano*<\/p>\n<p>&nbsp;<\/p>\n<p>El Lic. Juan Taveras de Oleo enfatiz\u00f3 que esta propuesta es un plan realista, estructurado y viable, dise\u00f1ado para transformar el sistema de salud mental desde la base.<\/p>\n<p>&nbsp;<\/p>\n<p>\u201cLa Rep\u00fablica Dominicana no puede seguir improvisando mientras la poblaci\u00f3n se hunde en ansiedad, depresi\u00f3n y violencia. Necesitamos acciones concretas, no discursos. Los centros penitenciarios son hoy verdaderas bombas de tiempo que requieren intervenci\u00f3n psicol\u00f3gica urgente\u201d, expres\u00f3.<\/p>\n<p>&nbsp;<\/p>\n<p>Finalmente, reiter\u00f3 su disposici\u00f3n de colaborar con las autoridades para implementar este modelo en todo el territorio nacional, especialmente en comunidades y c\u00e1rceles donde el deterioro emocional es m\u00e1s notable.<\/p>\n<p>&nbsp;<\/p>\n<p>\u201cUn pa\u00eds solo avanza cuando su gente est\u00e1 emocionalmente sana. La salud mental no es un privilegio: es un derecho\u201d, concluy\u00f3 el profesional.<img loading=\"lazy\" decoding=\"async\" class=\"alignnone size-medium wp-image-4513\" src=\"https:\/\/periodicolarepublica.com\/wp-content\/uploads\/2025\/12\/IMG-20251203-WA0210-208x300.jpg\" alt=\"\" width=\"208\" height=\"300\" srcset=\"https:\/\/periodicolarepublica.com\/wp-content\/uploads\/2025\/12\/IMG-20251203-WA0210-208x300.jpg?v=1764771901 208w, https:\/\/periodicolarepublica.com\/wp-content\/uploads\/2025\/12\/IMG-20251203-WA0210-150x217.jpg?v=1764771901 150w, https:\/\/periodicolarepublica.com\/wp-content\/uploads\/2025\/12\/IMG-20251203-WA0210-300x434.jpg?v=1764771901 300w, https:\/\/periodicolarepublica.com\/wp-content\/uploads\/2025\/12\/IMG-20251203-WA0210-600x867.jpg?v=1764771901 600w, https:\/\/periodicolarepublica.com\/wp-content\/uploads\/2025\/12\/IMG-20251203-WA0210.jpg?v=1764771901 658w\" sizes=\"auto, (max-width: 208px) 100vw, 208px\" \/><\/p>\n","protected":false},"excerpt":{"rendered":"<p>Santo Domingo.\u2013 El psic\u00f3logo cl\u00ednico Lic. Juan Taveras de Oleo alert\u00f3 nuevamente sobre la profunda crisis de salud mental que atraviesa la Rep\u00fablica Dominicana, denunciando la indiferencia del Estado frente a una problem\u00e1tica que contin\u00faa creciendo sin respuestas claras ni pol\u00edticas p\u00fablicas efectivas. &nbsp; Seg\u00fan explic\u00f3 el especialista, la falta de psic\u00f3logos en escuelas, hospitales, [&hellip;]<\/p>\n","protected":false},"author":10,"featured_media":4513,"comment_status":"open","ping_status":"open","sticky":false,"template":"","format":"standard","meta":{"om_disable_all_campaigns":false,"_monsterinsights_skip_tracking":false,"_monsterinsights_sitenote_active":false,"_monsterinsights_sitenote_note":"","_monsterinsights_sitenote_category":0,"footnotes":""},"categories":[1],"tags":[],"class_list":{"0":"post-4512","1":"post","2":"type-post","3":"status-publish","4":"format-standard","5":"has-post-thumbnail","7":"category-nacionales"},"aioseo_notices":[],"_links":{"self":[{"href":"https:\/\/periodicolarepublica.com\/index.php\/wp-json\/wp\/v2\/posts\/4512","targetHints":{"allow":["GET"]}}],"collection":[{"href":"https:\/\/periodicolarepublica.com\/index.php\/wp-json\/wp\/v2\/posts"}],"about":[{"href":"https:\/\/periodicolarepublica.com\/index.php\/wp-json\/wp\/v2\/types\/post"}],"author":[{"embeddable":true,"href":"https:\/\/periodicolarepublica.com\/index.php\/wp-json\/wp\/v2\/users\/10"}],"replies":[{"embeddable":true,"href":"https:\/\/periodicolarepublica.com\/index.php\/wp-json\/wp\/v2\/comments?post=4512"}],"version-history":[{"count":1,"href":"https:\/\/periodicolarepublica.com\/index.php\/wp-json\/wp\/v2\/posts\/4512\/revisions"}],"predecessor-version":[{"id":4514,"href":"https:\/\/periodicolarepublica.com\/index.php\/wp-json\/wp\/v2\/posts\/4512\/revisions\/4514"}],"wp:featuredmedia":[{"embeddable":true,"href":"https:\/\/periodicolarepublica.com\/index.php\/wp-json\/wp\/v2\/media\/4513"}],"wp:attachment":[{"href":"https:\/\/periodicolarepublica.com\/index.php\/wp-json\/wp\/v2\/media?parent=4512"}],"wp:term":[{"taxonomy":"category","embeddable":true,"href":"https:\/\/periodicolarepublica.com\/index.php\/wp-json\/wp\/v2\/categories?post=4512"},{"taxonomy":"post_tag","embeddable":true,"href":"https:\/\/periodicolarepublica.com\/index.php\/wp-json\/wp\/v2\/tags?post=4512"}],"curies":[{"name":"wp","href":"https:\/\/api.w.org\/{rel}","templated":true}]}}