{"id":4515,"date":"2025-12-04T11:14:15","date_gmt":"2025-12-04T15:14:15","guid":{"rendered":"https:\/\/periodicolarepublica.com\/?p=4515"},"modified":"2025-12-04T11:14:15","modified_gmt":"2025-12-04T15:14:15","slug":"barrick-pueblo-viejo-destaca-el-valor-de-los-mineros-y-su-aporte-al-desarrollo-sostenible-de-la-republica-dominicana","status":"publish","type":"post","link":"https:\/\/periodicolarepublica.com\/index.php\/2025\/12\/04\/barrick-pueblo-viejo-destaca-el-valor-de-los-mineros-y-su-aporte-al-desarrollo-sostenible-de-la-republica-dominicana\/","title":{"rendered":"Barrick Pueblo Viejo destaca el valor de los mineros y su aporte al desarrollo sostenible de la Rep\u00fablica Dominicana"},"content":{"rendered":"<p>En ocasi\u00f3n del D\u00eda Mundial del Minero, celebrado cada 4 de diciembre, Barrick Pueblo Viejo reconoci\u00f3 la dedicaci\u00f3n, entrega y profesionalismo de los hombres y mujeres que impulsan la miner\u00eda moderna y responsable en la Rep\u00fablica Dominicana. La empresa destac\u00f3 el papel esencial de sus colaboradores en la construcci\u00f3n de una operaci\u00f3n segura, sostenible y alineada con los m\u00e1s altos est\u00e1ndares nacionales e internacionales.<\/p>\n<p>&nbsp;<\/p>\n<p>&nbsp;<\/p>\n<p>&nbsp;<\/p>\n<p>\u201cLa industria minera cuenta con profesionales cualificados, comprometidos y con una gran dedicaci\u00f3n por la excelencia. Hoy, se honra a cada minero y minera que, mediante su labor diaria, contribuyen al posicionamiento de Barrick Pueblo Viejo como un modelo de operaci\u00f3n responsable y segura a nivel nacional.\u201d, expres\u00f3 Gisselle Valera, presidenta de la compa\u00f1\u00eda. \u201cGracias a su esfuerzo, seguimos fortaleciendo nuestra contribuci\u00f3n al desarrollo econ\u00f3mico, social y ambiental de las comunidades donde operamos\u201d.<\/p>\n<p><img loading=\"lazy\" decoding=\"async\" class=\"alignnone size-medium wp-image-4489\" src=\"https:\/\/periodicolarepublica.com\/wp-content\/uploads\/2025\/11\/images-23-300x300.png\" alt=\"\" width=\"300\" height=\"300\" srcset=\"https:\/\/periodicolarepublica.com\/wp-content\/uploads\/2025\/11\/images-23-300x300.png 300w, https:\/\/periodicolarepublica.com\/wp-content\/uploads\/2025\/11\/images-23-150x150.png 150w, https:\/\/periodicolarepublica.com\/wp-content\/uploads\/2025\/11\/images-23.png 447w\" sizes=\"auto, (max-width: 300px) 100vw, 300px\" \/><\/p>\n","protected":false},"excerpt":{"rendered":"<p>En ocasi\u00f3n del D\u00eda Mundial del Minero, celebrado cada 4 de diciembre, Barrick Pueblo Viejo reconoci\u00f3 la dedicaci\u00f3n, entrega y profesionalismo de los hombres y mujeres que impulsan la miner\u00eda moderna y responsable en la Rep\u00fablica Dominicana. La empresa destac\u00f3 el papel esencial de sus colaboradores en la construcci\u00f3n de una operaci\u00f3n segura, sostenible y [&hellip;]<\/p>\n","protected":false},"author":6,"featured_media":4489,"comment_status":"open","ping_status":"open","sticky":false,"template":"","format":"standard","meta":{"om_disable_all_campaigns":false,"_monsterinsights_skip_tracking":false,"_monsterinsights_sitenote_active":false,"_monsterinsights_sitenote_note":"","_monsterinsights_sitenote_category":0,"footnotes":""},"categories":[1],"tags":[491],"class_list":{"0":"post-4515","1":"post","2":"type-post","3":"status-publish","4":"format-standard","5":"has-post-thumbnail","7":"category-nacionales","8":"tag-barrick-pueblo-viejo"},"aioseo_notices":[],"_links":{"self":[{"href":"https:\/\/periodicolarepublica.com\/index.php\/wp-json\/wp\/v2\/posts\/4515","targetHints":{"allow":["GET"]}}],"collection":[{"href":"https:\/\/periodicolarepublica.com\/index.php\/wp-json\/wp\/v2\/posts"}],"about":[{"href":"https:\/\/periodicolarepublica.com\/index.php\/wp-json\/wp\/v2\/types\/post"}],"author":[{"embeddable":true,"href":"https:\/\/periodicolarepublica.com\/index.php\/wp-json\/wp\/v2\/users\/6"}],"replies":[{"embeddable":true,"href":"https:\/\/periodicolarepublica.com\/index.php\/wp-json\/wp\/v2\/comments?post=4515"}],"version-history":[{"count":1,"href":"https:\/\/periodicolarepublica.com\/index.php\/wp-json\/wp\/v2\/posts\/4515\/revisions"}],"predecessor-version":[{"id":4516,"href":"https:\/\/periodicolarepublica.com\/index.php\/wp-json\/wp\/v2\/posts\/4515\/revisions\/4516"}],"wp:featuredmedia":[{"embeddable":true,"href":"https:\/\/periodicolarepublica.com\/index.php\/wp-json\/wp\/v2\/media\/4489"}],"wp:attachment":[{"href":"https:\/\/periodicolarepublica.com\/index.php\/wp-json\/wp\/v2\/media?parent=4515"}],"wp:term":[{"taxonomy":"category","embeddable":true,"href":"https:\/\/periodicolarepublica.com\/index.php\/wp-json\/wp\/v2\/categories?post=4515"},{"taxonomy":"post_tag","embeddable":true,"href":"https:\/\/periodicolarepublica.com\/index.php\/wp-json\/wp\/v2\/tags?post=4515"}],"curies":[{"name":"wp","href":"https:\/\/api.w.org\/{rel}","templated":true}]}}