{"id":4517,"date":"2025-12-04T11:20:03","date_gmt":"2025-12-04T15:20:03","guid":{"rendered":"https:\/\/periodicolarepublica.com\/?p=4517"},"modified":"2025-12-04T11:20:03","modified_gmt":"2025-12-04T15:20:03","slug":"fundacion-cap-cana-celebra-cena-con-proposito-para-impulsar-proyectos-de-sostenibilidad-y-compromiso-comunitario","status":"publish","type":"post","link":"https:\/\/periodicolarepublica.com\/index.php\/2025\/12\/04\/fundacion-cap-cana-celebra-cena-con-proposito-para-impulsar-proyectos-de-sostenibilidad-y-compromiso-comunitario\/","title":{"rendered":"Fundaci\u00f3n Cap Cana celebra \u201cCena con Prop\u00f3sito\u201d para impulsar proyectos de sostenibilidad y compromiso comunitario"},"content":{"rendered":"<p>La Fundaci\u00f3n Cap Cana realiz\u00f3 la primera edici\u00f3n de \u201cCena con Prop\u00f3sito\u201d, un encuentro dise\u00f1ado para acercar a distintos p\u00fablicos a la labor que desarrolla la entidad, fortalecer las alianzas que permiten ampliar su impacto ante los programas de sostenibilidad, educaci\u00f3n ambiental y conservaci\u00f3n que se ejecutan en la Ciudad Destino.<\/p>\n<p>Durante la velada, la Fundaci\u00f3n resalt\u00f3 que cada aporte se convierte en una oportunidad real para continuar avanzando en proyectos que incluyen la restauraci\u00f3n de ecosistemas, la protecci\u00f3n de especies nativas, programas de reforestaci\u00f3n, la recuperaci\u00f3n de playas, talleres educativos para ni\u00f1os y j\u00f3venes, as\u00ed como distintas acciones de bienestar comunitario.<\/p>\n<p>La \u201cCena con Prop\u00f3sito\u201d tambi\u00e9n sirvi\u00f3 para reconocer el compromiso y la colaboraci\u00f3n de personas e instituciones que han acompa\u00f1ado el trabajo de la Fundaci\u00f3n Cap Cana en los \u00faltimos a\u00f1os. Este gesto simb\u00f3lico subray\u00f3 la importancia de una visi\u00f3n compartida: construir un destino responsable, consciente y sostenible, donde el desarrollo vaya de la mano del respeto por el entorno natural y social.<\/p>\n<p><img loading=\"lazy\" decoding=\"async\" class=\"alignnone size-medium wp-image-4518\" src=\"https:\/\/periodicolarepublica.com\/wp-content\/uploads\/2025\/12\/Jorge-Subero-Medina-y-Alejandra-Diaz-scaled-e1764861564310-300x242.jpeg\" alt=\"\" width=\"300\" height=\"242\" srcset=\"https:\/\/periodicolarepublica.com\/wp-content\/uploads\/2025\/12\/Jorge-Subero-Medina-y-Alejandra-Diaz-scaled-e1764861564310-300x242.jpeg 300w, https:\/\/periodicolarepublica.com\/wp-content\/uploads\/2025\/12\/Jorge-Subero-Medina-y-Alejandra-Diaz-scaled-e1764861564310-768x619.jpeg 768w, https:\/\/periodicolarepublica.com\/wp-content\/uploads\/2025\/12\/Jorge-Subero-Medina-y-Alejandra-Diaz-scaled-e1764861564310-1024x826.jpeg 1024w, https:\/\/periodicolarepublica.com\/wp-content\/uploads\/2025\/12\/Jorge-Subero-Medina-y-Alejandra-Diaz-scaled-e1764861564310-1536x1239.jpeg 1536w, https:\/\/periodicolarepublica.com\/wp-content\/uploads\/2025\/12\/Jorge-Subero-Medina-y-Alejandra-Diaz-scaled-e1764861564310-150x121.jpeg 150w, https:\/\/periodicolarepublica.com\/wp-content\/uploads\/2025\/12\/Jorge-Subero-Medina-y-Alejandra-Diaz-scaled-e1764861564310-600x484.jpeg 600w, https:\/\/periodicolarepublica.com\/wp-content\/uploads\/2025\/12\/Jorge-Subero-Medina-y-Alejandra-Diaz-scaled-e1764861564310-696x561.jpeg 696w, https:\/\/periodicolarepublica.com\/wp-content\/uploads\/2025\/12\/Jorge-Subero-Medina-y-Alejandra-Diaz-scaled-e1764861564310-1392x1123.jpeg 1392w, https:\/\/periodicolarepublica.com\/wp-content\/uploads\/2025\/12\/Jorge-Subero-Medina-y-Alejandra-Diaz-scaled-e1764861564310-1068x861.jpeg 1068w, https:\/\/periodicolarepublica.com\/wp-content\/uploads\/2025\/12\/Jorge-Subero-Medina-y-Alejandra-Diaz-scaled-e1764861564310.jpeg 1732w\" sizes=\"auto, (max-width: 300px) 100vw, 300px\" \/><\/p>\n","protected":false},"excerpt":{"rendered":"<p>La Fundaci\u00f3n Cap Cana realiz\u00f3 la primera edici\u00f3n de \u201cCena con Prop\u00f3sito\u201d, un encuentro dise\u00f1ado para acercar a distintos p\u00fablicos a la labor que desarrolla la entidad, fortalecer las alianzas que permiten ampliar su impacto ante los programas de sostenibilidad, educaci\u00f3n ambiental y conservaci\u00f3n que se ejecutan en la Ciudad Destino. Durante la velada, la [&hellip;]<\/p>\n","protected":false},"author":6,"featured_media":4518,"comment_status":"open","ping_status":"open","sticky":false,"template":"","format":"standard","meta":{"om_disable_all_campaigns":false,"_monsterinsights_skip_tracking":false,"_monsterinsights_sitenote_active":false,"_monsterinsights_sitenote_note":"","_monsterinsights_sitenote_category":0,"footnotes":""},"categories":[1,20],"tags":[459,492],"class_list":{"0":"post-4517","1":"post","2":"type-post","3":"status-publish","4":"format-standard","5":"has-post-thumbnail","7":"category-nacionales","8":"category-turismo","9":"tag-cap-cana","10":"tag-ciudad-destino"},"aioseo_notices":[],"_links":{"self":[{"href":"https:\/\/periodicolarepublica.com\/index.php\/wp-json\/wp\/v2\/posts\/4517","targetHints":{"allow":["GET"]}}],"collection":[{"href":"https:\/\/periodicolarepublica.com\/index.php\/wp-json\/wp\/v2\/posts"}],"about":[{"href":"https:\/\/periodicolarepublica.com\/index.php\/wp-json\/wp\/v2\/types\/post"}],"author":[{"embeddable":true,"href":"https:\/\/periodicolarepublica.com\/index.php\/wp-json\/wp\/v2\/users\/6"}],"replies":[{"embeddable":true,"href":"https:\/\/periodicolarepublica.com\/index.php\/wp-json\/wp\/v2\/comments?post=4517"}],"version-history":[{"count":1,"href":"https:\/\/periodicolarepublica.com\/index.php\/wp-json\/wp\/v2\/posts\/4517\/revisions"}],"predecessor-version":[{"id":4519,"href":"https:\/\/periodicolarepublica.com\/index.php\/wp-json\/wp\/v2\/posts\/4517\/revisions\/4519"}],"wp:featuredmedia":[{"embeddable":true,"href":"https:\/\/periodicolarepublica.com\/index.php\/wp-json\/wp\/v2\/media\/4518"}],"wp:attachment":[{"href":"https:\/\/periodicolarepublica.com\/index.php\/wp-json\/wp\/v2\/media?parent=4517"}],"wp:term":[{"taxonomy":"category","embeddable":true,"href":"https:\/\/periodicolarepublica.com\/index.php\/wp-json\/wp\/v2\/categories?post=4517"},{"taxonomy":"post_tag","embeddable":true,"href":"https:\/\/periodicolarepublica.com\/index.php\/wp-json\/wp\/v2\/tags?post=4517"}],"curies":[{"name":"wp","href":"https:\/\/api.w.org\/{rel}","templated":true}]}}