{"id":4522,"date":"2025-12-04T11:25:37","date_gmt":"2025-12-04T15:25:37","guid":{"rendered":"https:\/\/periodicolarepublica.com\/?p=4522"},"modified":"2025-12-04T11:25:37","modified_gmt":"2025-12-04T15:25:37","slug":"la-primera-anuncia-cambio-en-el-horario-de-su-sorteo-nocturno","status":"publish","type":"post","link":"https:\/\/periodicolarepublica.com\/index.php\/2025\/12\/04\/la-primera-anuncia-cambio-en-el-horario-de-su-sorteo-nocturno\/","title":{"rendered":"La Primera anuncia cambio en el horario de su sorteo nocturno"},"content":{"rendered":"<p>La Primera inform\u00f3 un cambio en el horario de su sorteo nocturno. A partir del 3 de diciembre 2025, el sorteo nocturno de La Primera se celebrar\u00e1 todos los d\u00edas a las 7pm, 1 hora m\u00e1s temprano convirti\u00e9ndose oficialmente en el primer sorteo de la noche dentro del mercado de loter\u00edas del pa\u00eds.<\/p>\n<p>&nbsp;<\/p>\n<p>La instituci\u00f3n explic\u00f3 que este cambio responde a solicitudes de sus clientes y a un an\u00e1lisis interno sobre el mercado en RD sobre los horarios de preferencia del p\u00fablico en general.<\/p>\n<p>&nbsp;<\/p>\n<p>La Primera mantiene su compromiso de innovar continuamente para brindar transparencia, puntualidad y una experiencia de entretenimiento de mayor conveniencia, expres\u00f3 la entidad a trav\u00e9s de un comunicado.<\/p>\n<p>&nbsp;<\/p>\n<p>La Primera reafirma que el sorteo de las 12 del mediod\u00eda seguir\u00e1 operando en su horario habitual y que este cambio de celebraci\u00f3n en horario nocturno dar\u00e1 m\u00e1s oportunidades al p\u00fablico en general.<\/p>\n<p><img loading=\"lazy\" decoding=\"async\" class=\"alignnone size-medium wp-image-4523\" src=\"https:\/\/periodicolarepublica.com\/wp-content\/uploads\/2025\/12\/Sorteo_Nota-de-prensa-1-e1764861909196-300x260.jpg\" alt=\"\" width=\"300\" height=\"260\" srcset=\"https:\/\/periodicolarepublica.com\/wp-content\/uploads\/2025\/12\/Sorteo_Nota-de-prensa-1-e1764861909196-300x260.jpg 300w, https:\/\/periodicolarepublica.com\/wp-content\/uploads\/2025\/12\/Sorteo_Nota-de-prensa-1-e1764861909196-150x130.jpg 150w, https:\/\/periodicolarepublica.com\/wp-content\/uploads\/2025\/12\/Sorteo_Nota-de-prensa-1-e1764861909196.jpg 485w\" sizes=\"auto, (max-width: 300px) 100vw, 300px\" \/><\/p>\n","protected":false},"excerpt":{"rendered":"<p>La Primera inform\u00f3 un cambio en el horario de su sorteo nocturno. A partir del 3 de diciembre 2025, el sorteo nocturno de La Primera se celebrar\u00e1 todos los d\u00edas a las 7pm, 1 hora m\u00e1s temprano convirti\u00e9ndose oficialmente en el primer sorteo de la noche dentro del mercado de loter\u00edas del pa\u00eds. &nbsp; La [&hellip;]<\/p>\n","protected":false},"author":6,"featured_media":4523,"comment_status":"open","ping_status":"open","sticky":false,"template":"","format":"standard","meta":{"om_disable_all_campaigns":false,"_monsterinsights_skip_tracking":false,"_monsterinsights_sitenote_active":false,"_monsterinsights_sitenote_note":"","_monsterinsights_sitenote_category":0,"footnotes":""},"categories":[1],"tags":[],"class_list":{"0":"post-4522","1":"post","2":"type-post","3":"status-publish","4":"format-standard","5":"has-post-thumbnail","7":"category-nacionales"},"aioseo_notices":[],"_links":{"self":[{"href":"https:\/\/periodicolarepublica.com\/index.php\/wp-json\/wp\/v2\/posts\/4522","targetHints":{"allow":["GET"]}}],"collection":[{"href":"https:\/\/periodicolarepublica.com\/index.php\/wp-json\/wp\/v2\/posts"}],"about":[{"href":"https:\/\/periodicolarepublica.com\/index.php\/wp-json\/wp\/v2\/types\/post"}],"author":[{"embeddable":true,"href":"https:\/\/periodicolarepublica.com\/index.php\/wp-json\/wp\/v2\/users\/6"}],"replies":[{"embeddable":true,"href":"https:\/\/periodicolarepublica.com\/index.php\/wp-json\/wp\/v2\/comments?post=4522"}],"version-history":[{"count":1,"href":"https:\/\/periodicolarepublica.com\/index.php\/wp-json\/wp\/v2\/posts\/4522\/revisions"}],"predecessor-version":[{"id":4524,"href":"https:\/\/periodicolarepublica.com\/index.php\/wp-json\/wp\/v2\/posts\/4522\/revisions\/4524"}],"wp:featuredmedia":[{"embeddable":true,"href":"https:\/\/periodicolarepublica.com\/index.php\/wp-json\/wp\/v2\/media\/4523"}],"wp:attachment":[{"href":"https:\/\/periodicolarepublica.com\/index.php\/wp-json\/wp\/v2\/media?parent=4522"}],"wp:term":[{"taxonomy":"category","embeddable":true,"href":"https:\/\/periodicolarepublica.com\/index.php\/wp-json\/wp\/v2\/categories?post=4522"},{"taxonomy":"post_tag","embeddable":true,"href":"https:\/\/periodicolarepublica.com\/index.php\/wp-json\/wp\/v2\/tags?post=4522"}],"curies":[{"name":"wp","href":"https:\/\/api.w.org\/{rel}","templated":true}]}}