{"id":4525,"date":"2025-12-04T22:20:55","date_gmt":"2025-12-05T02:20:55","guid":{"rendered":"https:\/\/periodicolarepublica.com\/?p=4525"},"modified":"2025-12-04T22:20:55","modified_gmt":"2025-12-05T02:20:55","slug":"banco-popular-presenta-el-libro-un-salto-de-gigante-sobre-la-transformacion-digital-del-pais","status":"publish","type":"post","link":"https:\/\/periodicolarepublica.com\/index.php\/2025\/12\/04\/banco-popular-presenta-el-libro-un-salto-de-gigante-sobre-la-transformacion-digital-del-pais\/","title":{"rendered":"Banco Popular presenta el libro \u201cUn salto de gigante\u201d sobre la transformaci\u00f3n digital del pa\u00eds"},"content":{"rendered":"<p>El Banco Popular Dominicano present\u00f3 su nueva publicaci\u00f3n editorial Un salto de gigante. El viaje hacia una sociedad digital, una obra que analiza la evoluci\u00f3n tecnol\u00f3gica de la Rep\u00fablica Dominicana en las \u00faltimas d\u00e9cadas y el impacto que esta transformaci\u00f3n ha tenido en la vida econ\u00f3mica, social y cultural del pa\u00eds. El libro re\u00fane la visi\u00f3n plural de especialistas que, desde distintas disciplinas, examinan los hitos, avances y desaf\u00edos que han definido el ecosistema digital dominicano.<\/p>\n<p>&nbsp;<\/p>\n<p>A lo largo de sus cap\u00edtulos, los autores de la obra recorren desde los inicios de la conectividad y la evoluci\u00f3n de las telecomunicaciones, hasta los retos contempor\u00e1neos asociados a la ciberseguridad, la inteligencia artificial, la inclusi\u00f3n financiera y la educaci\u00f3n digital. Arturo L\u00f3pez Valerio, Mite Nishio, Rosario Sang, Eduardo Valc\u00e1rcel, Fernando Cabrera, Rolando M. Guzm\u00e1n, Mirna Eusebio Lithgow y Aitor Palacio muestra en la publicaci\u00f3n c\u00f3mo la econom\u00eda dominicana se ha transformado r\u00e1pidamente hacia modelos impulsados por datos, automatizaci\u00f3n y servicios digitales, con la banca como uno de sus principales catalizadores hist\u00f3ricos.<\/p>\n<p>&nbsp;<\/p>\n<p>Durante su intervenci\u00f3n en el evento, el presidente ejecutivo del Banco Popular, se\u00f1or Christopher Paniagua, destac\u00f3 que este proyecto editorial surge en un momento decisivo para el pa\u00eds, en el que la innovaci\u00f3n se ha convertido en motor estructural del desarrollo. Enfatiz\u00f3 que \u201cla verdadera transformaci\u00f3n digital no comienza con la tecnolog\u00eda, sino con la gente\u201d, subrayando que el progreso solo es sostenible cuando fortalece capacidades, ampl\u00eda oportunidades y mejora la vida de las personas.<\/p>\n<figure id=\"attachment_4526\" aria-describedby=\"caption-attachment-4526\" style=\"width: 300px\" class=\"wp-caption alignnone\"><img loading=\"lazy\" decoding=\"async\" class=\"wp-image-4526 size-medium\" src=\"https:\/\/periodicolarepublica.com\/wp-content\/uploads\/2025\/12\/ISM09513-PRINCIPAL-scaled-e1764901191873-300x237.jpg\" alt=\"\" width=\"300\" height=\"237\" srcset=\"https:\/\/periodicolarepublica.com\/wp-content\/uploads\/2025\/12\/ISM09513-PRINCIPAL-scaled-e1764901191873-300x237.jpg 300w, https:\/\/periodicolarepublica.com\/wp-content\/uploads\/2025\/12\/ISM09513-PRINCIPAL-scaled-e1764901191873-150x119.jpg 150w, https:\/\/periodicolarepublica.com\/wp-content\/uploads\/2025\/12\/ISM09513-PRINCIPAL-scaled-e1764901191873-600x475.jpg 600w, https:\/\/periodicolarepublica.com\/wp-content\/uploads\/2025\/12\/ISM09513-PRINCIPAL-scaled-e1764901191873-696x551.jpg 696w, https:\/\/periodicolarepublica.com\/wp-content\/uploads\/2025\/12\/ISM09513-PRINCIPAL-scaled-e1764901191873.jpg 758w\" sizes=\"auto, (max-width: 300px) 100vw, 300px\" \/><figcaption id=\"caption-attachment-4526\" class=\"wp-caption-text\">Banco Popular<\/figcaption><\/figure>\n<p>&nbsp;<\/p>\n","protected":false},"excerpt":{"rendered":"<p>El Banco Popular Dominicano present\u00f3 su nueva publicaci\u00f3n editorial Un salto de gigante. El viaje hacia una sociedad digital, una obra que analiza la evoluci\u00f3n tecnol\u00f3gica de la Rep\u00fablica Dominicana en las \u00faltimas d\u00e9cadas y el impacto que esta transformaci\u00f3n ha tenido en la vida econ\u00f3mica, social y cultural del pa\u00eds. El libro re\u00fane la [&hellip;]<\/p>\n","protected":false},"author":6,"featured_media":4526,"comment_status":"open","ping_status":"open","sticky":false,"template":"","format":"standard","meta":{"om_disable_all_campaigns":false,"_monsterinsights_skip_tracking":false,"_monsterinsights_sitenote_active":false,"_monsterinsights_sitenote_note":"","_monsterinsights_sitenote_category":0,"footnotes":""},"categories":[33,1],"tags":[36],"class_list":{"0":"post-4525","1":"post","2":"type-post","3":"status-publish","4":"format-standard","5":"has-post-thumbnail","7":"category-canal-financiero","8":"category-nacionales","9":"tag-banco-popular"},"aioseo_notices":[],"_links":{"self":[{"href":"https:\/\/periodicolarepublica.com\/index.php\/wp-json\/wp\/v2\/posts\/4525","targetHints":{"allow":["GET"]}}],"collection":[{"href":"https:\/\/periodicolarepublica.com\/index.php\/wp-json\/wp\/v2\/posts"}],"about":[{"href":"https:\/\/periodicolarepublica.com\/index.php\/wp-json\/wp\/v2\/types\/post"}],"author":[{"embeddable":true,"href":"https:\/\/periodicolarepublica.com\/index.php\/wp-json\/wp\/v2\/users\/6"}],"replies":[{"embeddable":true,"href":"https:\/\/periodicolarepublica.com\/index.php\/wp-json\/wp\/v2\/comments?post=4525"}],"version-history":[{"count":1,"href":"https:\/\/periodicolarepublica.com\/index.php\/wp-json\/wp\/v2\/posts\/4525\/revisions"}],"predecessor-version":[{"id":4527,"href":"https:\/\/periodicolarepublica.com\/index.php\/wp-json\/wp\/v2\/posts\/4525\/revisions\/4527"}],"wp:featuredmedia":[{"embeddable":true,"href":"https:\/\/periodicolarepublica.com\/index.php\/wp-json\/wp\/v2\/media\/4526"}],"wp:attachment":[{"href":"https:\/\/periodicolarepublica.com\/index.php\/wp-json\/wp\/v2\/media?parent=4525"}],"wp:term":[{"taxonomy":"category","embeddable":true,"href":"https:\/\/periodicolarepublica.com\/index.php\/wp-json\/wp\/v2\/categories?post=4525"},{"taxonomy":"post_tag","embeddable":true,"href":"https:\/\/periodicolarepublica.com\/index.php\/wp-json\/wp\/v2\/tags?post=4525"}],"curies":[{"name":"wp","href":"https:\/\/api.w.org\/{rel}","templated":true}]}}