{"id":4528,"date":"2025-12-04T22:26:26","date_gmt":"2025-12-05T02:26:26","guid":{"rendered":"https:\/\/periodicolarepublica.com\/?p=4528"},"modified":"2025-12-04T22:26:26","modified_gmt":"2025-12-05T02:26:26","slug":"ministerio-de-turismo-y-arajet-anuncian-la-tercera-ruta-diaria-a-nueva-york-de-la-aerolinea-a-partir-de-primavera","status":"publish","type":"post","link":"https:\/\/periodicolarepublica.com\/index.php\/2025\/12\/04\/ministerio-de-turismo-y-arajet-anuncian-la-tercera-ruta-diaria-a-nueva-york-de-la-aerolinea-a-partir-de-primavera\/","title":{"rendered":"Ministerio de Turismo y Arajet anuncian la tercera ruta diaria a Nueva York de la aerol\u00ednea a partir de primavera"},"content":{"rendered":"<p>Adem\u00e1s garantizan los mejores precios del mercado para las fiestas navide\u00f1as<\/p>\n<p>New York \u2013 En una rueda de prensa conjunta celebrada hoy, el ministro de Turismo, David Collado, y el CEO y fundador de Arajet, V\u00edctor Pacheco, anunciaron una importante expansi\u00f3n en la conectividad a\u00e9rea entre la Rep\u00fablica Dominicana y el \u00e1rea de Nueva York: a partir de la pr\u00f3xima primavera, Arajet operar\u00e1 una tercera frecuencia diaria hacia el aeropuerto de Newark (EWR).<\/p>\n<p>El anuncio responde al crecimiento sostenido en la demanda por parte de la di\u00e1spora dominicana en Estados Unidos, as\u00ed como al aumento del flujo de turistas y viajeros entre ambos pa\u00edses. Seg\u00fan Pacheco, esta nueva ruta diaria reforzar\u00e1 el compromiso de Arajet con ofrecer un servicio accesible, competitivo y de calidad, especialmente en temporadas clave como la navide\u00f1a.<\/p>\n<p><img loading=\"lazy\" decoding=\"async\" class=\"alignnone size-medium wp-image-4529\" src=\"https:\/\/periodicolarepublica.com\/wp-content\/uploads\/2025\/12\/Ministerio-de-Turismo-y-Arajet-anuncian-la-tercera-ruta-diaria-a-Nueva-York-de-la-aerolinea-a-partir-de-primavera-e1764901551276-300x245.jpeg\" alt=\"\" width=\"300\" height=\"245\" srcset=\"https:\/\/periodicolarepublica.com\/wp-content\/uploads\/2025\/12\/Ministerio-de-Turismo-y-Arajet-anuncian-la-tercera-ruta-diaria-a-Nueva-York-de-la-aerolinea-a-partir-de-primavera-e1764901551276-300x245.jpeg 300w, https:\/\/periodicolarepublica.com\/wp-content\/uploads\/2025\/12\/Ministerio-de-Turismo-y-Arajet-anuncian-la-tercera-ruta-diaria-a-Nueva-York-de-la-aerolinea-a-partir-de-primavera-e1764901551276-150x123.jpeg 150w, https:\/\/periodicolarepublica.com\/wp-content\/uploads\/2025\/12\/Ministerio-de-Turismo-y-Arajet-anuncian-la-tercera-ruta-diaria-a-Nueva-York-de-la-aerolinea-a-partir-de-primavera-e1764901551276.jpeg 395w\" sizes=\"auto, (max-width: 300px) 100vw, 300px\" \/><\/p>\n","protected":false},"excerpt":{"rendered":"<p>Adem\u00e1s garantizan los mejores precios del mercado para las fiestas navide\u00f1as New York \u2013 En una rueda de prensa conjunta celebrada hoy, el ministro de Turismo, David Collado, y el CEO y fundador de Arajet, V\u00edctor Pacheco, anunciaron una importante expansi\u00f3n en la conectividad a\u00e9rea entre la Rep\u00fablica Dominicana y el \u00e1rea de Nueva York: [&hellip;]<\/p>\n","protected":false},"author":6,"featured_media":4529,"comment_status":"open","ping_status":"open","sticky":false,"template":"","format":"standard","meta":{"om_disable_all_campaigns":false,"_monsterinsights_skip_tracking":false,"_monsterinsights_sitenote_active":false,"_monsterinsights_sitenote_note":"","_monsterinsights_sitenote_category":0,"footnotes":""},"categories":[1,20],"tags":[],"class_list":{"0":"post-4528","1":"post","2":"type-post","3":"status-publish","4":"format-standard","5":"has-post-thumbnail","7":"category-nacionales","8":"category-turismo"},"aioseo_notices":[],"_links":{"self":[{"href":"https:\/\/periodicolarepublica.com\/index.php\/wp-json\/wp\/v2\/posts\/4528","targetHints":{"allow":["GET"]}}],"collection":[{"href":"https:\/\/periodicolarepublica.com\/index.php\/wp-json\/wp\/v2\/posts"}],"about":[{"href":"https:\/\/periodicolarepublica.com\/index.php\/wp-json\/wp\/v2\/types\/post"}],"author":[{"embeddable":true,"href":"https:\/\/periodicolarepublica.com\/index.php\/wp-json\/wp\/v2\/users\/6"}],"replies":[{"embeddable":true,"href":"https:\/\/periodicolarepublica.com\/index.php\/wp-json\/wp\/v2\/comments?post=4528"}],"version-history":[{"count":1,"href":"https:\/\/periodicolarepublica.com\/index.php\/wp-json\/wp\/v2\/posts\/4528\/revisions"}],"predecessor-version":[{"id":4530,"href":"https:\/\/periodicolarepublica.com\/index.php\/wp-json\/wp\/v2\/posts\/4528\/revisions\/4530"}],"wp:featuredmedia":[{"embeddable":true,"href":"https:\/\/periodicolarepublica.com\/index.php\/wp-json\/wp\/v2\/media\/4529"}],"wp:attachment":[{"href":"https:\/\/periodicolarepublica.com\/index.php\/wp-json\/wp\/v2\/media?parent=4528"}],"wp:term":[{"taxonomy":"category","embeddable":true,"href":"https:\/\/periodicolarepublica.com\/index.php\/wp-json\/wp\/v2\/categories?post=4528"},{"taxonomy":"post_tag","embeddable":true,"href":"https:\/\/periodicolarepublica.com\/index.php\/wp-json\/wp\/v2\/tags?post=4528"}],"curies":[{"name":"wp","href":"https:\/\/api.w.org\/{rel}","templated":true}]}}