{"id":4536,"date":"2025-12-05T17:12:42","date_gmt":"2025-12-05T21:12:42","guid":{"rendered":"https:\/\/periodicolarepublica.com\/?p=4536"},"modified":"2025-12-05T17:12:42","modified_gmt":"2025-12-05T21:12:42","slug":"tomas-hernandez-alberto-resalta-villa-navidad-como-una-obra-de-amor-del-presidente-abinader-hacia-la-ninez-dominicana","status":"publish","type":"post","link":"https:\/\/periodicolarepublica.com\/index.php\/2025\/12\/05\/tomas-hernandez-alberto-resalta-villa-navidad-como-una-obra-de-amor-del-presidente-abinader-hacia-la-ninez-dominicana\/","title":{"rendered":"Tom\u00e1s Hern\u00e1ndez Alberto resalta Villa Navidad como una obra de amor del presidente Abinader hacia la ni\u00f1ez dominicana"},"content":{"rendered":"<p>Santo Domingo, R.D. \u2013\u00a0El dirigente pol\u00edtico Tom\u00e1s Hern\u00e1ndez Alberto elogi\u00f3 de manera enf\u00e1tica al presidente Luis Abinader por la visi\u00f3n, el compromiso social y la sensibilidad humana que se reflejan en la creaci\u00f3n de Villa Navidad, un espacio que se ha convertido en una tradici\u00f3n nacional y en un s\u00edmbolo del gobierno cercano que impulsa el mandatario.<\/p>\n<p>Hern\u00e1ndez Alberto destac\u00f3 que Villa Navidad no es solo una atracci\u00f3n, sino una muestra clara de que el presidente Abinader gobierna pensando en el bienestar de las familias y en la felicidad de los ni\u00f1os y ni\u00f1as dominicanos.<\/p>\n<p>\u201cCaminar por Villa Navidad y ver las sonrisas de tantos peque\u00f1os es la prueba de que tenemos un presidente que pone el coraz\u00f3n donde m\u00e1s importa: en nuestra ni\u00f1ez. Esas sonrisas dicen m\u00e1s que mil palabras\u201d, expres\u00f3.<\/p>\n<p>&nbsp;<\/p>\n<p>Agreg\u00f3 que el presidente Abinader ha logrado que la Navidad vuelva a sentirse en cada hogar, impulsando espacios seguros, modernos y repletos de magia que unen a padres, madres y ni\u00f1os en un ambiente de paz, alegr\u00eda y esperanza.<\/p>\n<p>\u201cLuis Abinader ha hecho de Villa Navidad una tradici\u00f3n nacional desde el primer d\u00eda de su gobierno. Esa visi\u00f3n solo la tiene un l\u00edder que piensa en el pueblo y entiende la importancia de cultivar valores en la familia\u201d, sostuvo.<\/p>\n<p>Hern\u00e1ndez Alberto tambi\u00e9n resalt\u00f3 que la expansi\u00f3n de Villa Navidad a Santiago demuestra que el presidente gobierna para todo el pa\u00eds, llevando oportunidades y felicidad a m\u00e1s familias dominicanas.<\/p>\n<p>\u201cEsta iniciativa ya no es solo un proyecto, es un legado del presidente Abinader para nuestra ni\u00f1ez\u201d, concluy\u00f3.<img loading=\"lazy\" decoding=\"async\" class=\"size-medium wp-image-4537 alignright\" src=\"https:\/\/periodicolarepublica.com\/wp-content\/uploads\/2025\/12\/IMG_20251205_171016-300x195.jpg\" alt=\"\" width=\"300\" height=\"195\" srcset=\"https:\/\/periodicolarepublica.com\/wp-content\/uploads\/2025\/12\/IMG_20251205_171016-300x195.jpg?v=1764969144 300w, https:\/\/periodicolarepublica.com\/wp-content\/uploads\/2025\/12\/IMG_20251205_171016-768x499.jpg?v=1764969144 768w, https:\/\/periodicolarepublica.com\/wp-content\/uploads\/2025\/12\/IMG_20251205_171016-150x97.jpg?v=1764969144 150w, https:\/\/periodicolarepublica.com\/wp-content\/uploads\/2025\/12\/IMG_20251205_171016-600x390.jpg?v=1764969144 600w, https:\/\/periodicolarepublica.com\/wp-content\/uploads\/2025\/12\/IMG_20251205_171016-696x452.jpg?v=1764969144 696w, https:\/\/periodicolarepublica.com\/wp-content\/uploads\/2025\/12\/IMG_20251205_171016.jpg?v=1764969144 953w\" sizes=\"auto, (max-width: 300px) 100vw, 300px\" \/><\/p>\n","protected":false},"excerpt":{"rendered":"<p>Santo Domingo, R.D. \u2013\u00a0El dirigente pol\u00edtico Tom\u00e1s Hern\u00e1ndez Alberto elogi\u00f3 de manera enf\u00e1tica al presidente Luis Abinader por la visi\u00f3n, el compromiso social y la sensibilidad humana que se reflejan en la creaci\u00f3n de Villa Navidad, un espacio que se ha convertido en una tradici\u00f3n nacional y en un s\u00edmbolo del gobierno cercano que impulsa [&hellip;]<\/p>\n","protected":false},"author":10,"featured_media":4537,"comment_status":"open","ping_status":"open","sticky":false,"template":"","format":"standard","meta":{"om_disable_all_campaigns":false,"_monsterinsights_skip_tracking":false,"_monsterinsights_sitenote_active":false,"_monsterinsights_sitenote_note":"","_monsterinsights_sitenote_category":0,"footnotes":""},"categories":[1],"tags":[163],"class_list":{"0":"post-4536","1":"post","2":"type-post","3":"status-publish","4":"format-standard","5":"has-post-thumbnail","7":"category-nacionales","8":"tag-tomas-hernandez-alberto"},"aioseo_notices":[],"_links":{"self":[{"href":"https:\/\/periodicolarepublica.com\/index.php\/wp-json\/wp\/v2\/posts\/4536","targetHints":{"allow":["GET"]}}],"collection":[{"href":"https:\/\/periodicolarepublica.com\/index.php\/wp-json\/wp\/v2\/posts"}],"about":[{"href":"https:\/\/periodicolarepublica.com\/index.php\/wp-json\/wp\/v2\/types\/post"}],"author":[{"embeddable":true,"href":"https:\/\/periodicolarepublica.com\/index.php\/wp-json\/wp\/v2\/users\/10"}],"replies":[{"embeddable":true,"href":"https:\/\/periodicolarepublica.com\/index.php\/wp-json\/wp\/v2\/comments?post=4536"}],"version-history":[{"count":1,"href":"https:\/\/periodicolarepublica.com\/index.php\/wp-json\/wp\/v2\/posts\/4536\/revisions"}],"predecessor-version":[{"id":4538,"href":"https:\/\/periodicolarepublica.com\/index.php\/wp-json\/wp\/v2\/posts\/4536\/revisions\/4538"}],"wp:featuredmedia":[{"embeddable":true,"href":"https:\/\/periodicolarepublica.com\/index.php\/wp-json\/wp\/v2\/media\/4537"}],"wp:attachment":[{"href":"https:\/\/periodicolarepublica.com\/index.php\/wp-json\/wp\/v2\/media?parent=4536"}],"wp:term":[{"taxonomy":"category","embeddable":true,"href":"https:\/\/periodicolarepublica.com\/index.php\/wp-json\/wp\/v2\/categories?post=4536"},{"taxonomy":"post_tag","embeddable":true,"href":"https:\/\/periodicolarepublica.com\/index.php\/wp-json\/wp\/v2\/tags?post=4536"}],"curies":[{"name":"wp","href":"https:\/\/api.w.org\/{rel}","templated":true}]}}