{"id":4545,"date":"2025-12-07T17:47:45","date_gmt":"2025-12-07T21:47:45","guid":{"rendered":"https:\/\/periodicolarepublica.com\/?p=4545"},"modified":"2025-12-07T17:47:45","modified_gmt":"2025-12-07T21:47:45","slug":"promipyme-e-indotel-impulsan-jornada-de-inclusion-financiera-y-transformacion-digital-en-los-mina-raquel-pena-saluda-82-creditos-dirigidos-a-mujeres","status":"publish","type":"post","link":"https:\/\/periodicolarepublica.com\/index.php\/2025\/12\/07\/promipyme-e-indotel-impulsan-jornada-de-inclusion-financiera-y-transformacion-digital-en-los-mina-raquel-pena-saluda-82-creditos-dirigidos-a-mujeres\/","title":{"rendered":"Promipyme e Indotel impulsan jornada de inclusi\u00f3n financiera y transformaci\u00f3n digital en Los Mina; Raquel Pe\u00f1a saluda 82% cr\u00e9ditos dirigidos a mujeres"},"content":{"rendered":"<p>En una acci\u00f3n conjunta orientada a ampliar oportunidades econ\u00f3micas y tecnol\u00f3gicas en comunidades vulnerables, Promipyme e Indotel realizaron este domingo una jornada de inclusi\u00f3n financiera y transformaci\u00f3n digital en el Club Deportivo y Cultural Los Mina, donde cientos de microempresarios recibieron acceso a cr\u00e9dito, capacitaci\u00f3n y acompa\u00f1amiento t\u00e9cnico.<\/p>\n<p>El acto cont\u00f3 con la presencia de Raquel Pe\u00f1a, vicepresidenta de la Rep\u00fablica, quien felicit\u00f3 el trabajo coordinado del director general de Promipyme, Fabricio G\u00f3mez Mazara e Indotel, Guido G\u00f3mez Mazara para llevar inclusi\u00f3n social y crecimiento econ\u00f3mico a los ciudadanos.<\/p>\n<p>&nbsp;<\/p>\n<p>Raquel Pe\u00f1a, dijo que la ayuda de Promipyme, y ahora con Indotel, transcender\u00e1, \u201cnosotros estamos buscando que las comunidades puedan seguir avanzando, contribuyendo con un pa\u00eds m\u00e1s moderno, m\u00e1s sostenible, porque RD est\u00e1 en un proceso de cambio que responde a la visi\u00f3n estrat\u00e9gica del presidente Luis Abinader, que busca que sigamos ofreciendo accesos inclusivos al sector de las Mipymes.<\/p>\n<p><img loading=\"lazy\" decoding=\"async\" class=\"alignnone size-medium wp-image-4546\" src=\"https:\/\/periodicolarepublica.com\/wp-content\/uploads\/2025\/12\/IMG-20251207-WA0026-scaled-e1765144040287-300x270.jpg\" alt=\"\" width=\"300\" height=\"270\" srcset=\"https:\/\/periodicolarepublica.com\/wp-content\/uploads\/2025\/12\/IMG-20251207-WA0026-scaled-e1765144040287-300x270.jpg 300w, https:\/\/periodicolarepublica.com\/wp-content\/uploads\/2025\/12\/IMG-20251207-WA0026-scaled-e1765144040287-1024x921.jpg 1024w, https:\/\/periodicolarepublica.com\/wp-content\/uploads\/2025\/12\/IMG-20251207-WA0026-scaled-e1765144040287-768x691.jpg 768w, https:\/\/periodicolarepublica.com\/wp-content\/uploads\/2025\/12\/IMG-20251207-WA0026-scaled-e1765144040287-150x135.jpg 150w, https:\/\/periodicolarepublica.com\/wp-content\/uploads\/2025\/12\/IMG-20251207-WA0026-scaled-e1765144040287-600x539.jpg 600w, https:\/\/periodicolarepublica.com\/wp-content\/uploads\/2025\/12\/IMG-20251207-WA0026-scaled-e1765144040287-696x626.jpg 696w, https:\/\/periodicolarepublica.com\/wp-content\/uploads\/2025\/12\/IMG-20251207-WA0026-scaled-e1765144040287-1068x960.jpg 1068w, https:\/\/periodicolarepublica.com\/wp-content\/uploads\/2025\/12\/IMG-20251207-WA0026-scaled-e1765144040287.jpg 1110w\" sizes=\"auto, (max-width: 300px) 100vw, 300px\" \/><\/p>\n","protected":false},"excerpt":{"rendered":"<p>En una acci\u00f3n conjunta orientada a ampliar oportunidades econ\u00f3micas y tecnol\u00f3gicas en comunidades vulnerables, Promipyme e Indotel realizaron este domingo una jornada de inclusi\u00f3n financiera y transformaci\u00f3n digital en el Club Deportivo y Cultural Los Mina, donde cientos de microempresarios recibieron acceso a cr\u00e9dito, capacitaci\u00f3n y acompa\u00f1amiento t\u00e9cnico. El acto cont\u00f3 con la presencia de [&hellip;]<\/p>\n","protected":false},"author":6,"featured_media":4546,"comment_status":"open","ping_status":"open","sticky":false,"template":"","format":"standard","meta":{"om_disable_all_campaigns":false,"_monsterinsights_skip_tracking":false,"_monsterinsights_sitenote_active":false,"_monsterinsights_sitenote_note":"","_monsterinsights_sitenote_category":0,"footnotes":""},"categories":[1],"tags":[],"class_list":{"0":"post-4545","1":"post","2":"type-post","3":"status-publish","4":"format-standard","5":"has-post-thumbnail","7":"category-nacionales"},"aioseo_notices":[],"_links":{"self":[{"href":"https:\/\/periodicolarepublica.com\/index.php\/wp-json\/wp\/v2\/posts\/4545","targetHints":{"allow":["GET"]}}],"collection":[{"href":"https:\/\/periodicolarepublica.com\/index.php\/wp-json\/wp\/v2\/posts"}],"about":[{"href":"https:\/\/periodicolarepublica.com\/index.php\/wp-json\/wp\/v2\/types\/post"}],"author":[{"embeddable":true,"href":"https:\/\/periodicolarepublica.com\/index.php\/wp-json\/wp\/v2\/users\/6"}],"replies":[{"embeddable":true,"href":"https:\/\/periodicolarepublica.com\/index.php\/wp-json\/wp\/v2\/comments?post=4545"}],"version-history":[{"count":1,"href":"https:\/\/periodicolarepublica.com\/index.php\/wp-json\/wp\/v2\/posts\/4545\/revisions"}],"predecessor-version":[{"id":4547,"href":"https:\/\/periodicolarepublica.com\/index.php\/wp-json\/wp\/v2\/posts\/4545\/revisions\/4547"}],"wp:featuredmedia":[{"embeddable":true,"href":"https:\/\/periodicolarepublica.com\/index.php\/wp-json\/wp\/v2\/media\/4546"}],"wp:attachment":[{"href":"https:\/\/periodicolarepublica.com\/index.php\/wp-json\/wp\/v2\/media?parent=4545"}],"wp:term":[{"taxonomy":"category","embeddable":true,"href":"https:\/\/periodicolarepublica.com\/index.php\/wp-json\/wp\/v2\/categories?post=4545"},{"taxonomy":"post_tag","embeddable":true,"href":"https:\/\/periodicolarepublica.com\/index.php\/wp-json\/wp\/v2\/tags?post=4545"}],"curies":[{"name":"wp","href":"https:\/\/api.w.org\/{rel}","templated":true}]}}