{"id":4548,"date":"2025-12-07T18:53:38","date_gmt":"2025-12-07T22:53:38","guid":{"rendered":"https:\/\/periodicolarepublica.com\/?p=4548"},"modified":"2025-12-07T18:53:55","modified_gmt":"2025-12-07T22:53:55","slug":"4548","status":"publish","type":"post","link":"https:\/\/periodicolarepublica.com\/index.php\/2025\/12\/07\/4548\/","title":{"rendered":"Tom\u00e1s Hern\u00e1ndez Alberto respalda con firmeza las acciones del presidente Luis abinader contra la corrupci\u00f3n\u00a0"},"content":{"rendered":"<p>Santo Domingo.\u2013 El dirigente pol\u00edtico Tom\u00e1s Hern\u00e1ndez Alberto afirm\u00f3 de manera categ\u00f3rica que en la Rep\u00fablica Dominicana la impunidad lleg\u00f3 a su fin con la llegada del presidente Luis Abinader, y que las acciones tomadas frente a las irregularidades detectadas en SENASA confirman que este gobierno no protege a nadie que haya faltado a la ley.<\/p>\n<p>&nbsp;<\/p>\n<p>Hern\u00e1ndez Alberto sostuvo que el presidente Abinader ha sido firme, valiente y coherente con su palabra al ordenar una investigaci\u00f3n inmediata, profunda y sin contemplaciones, y al remitir el informe directamente al Ministerio P\u00fablico, demostrando que no existen amigos, compa\u00f1eros ni aliados por encima de la ley.<\/p>\n<p>&nbsp;<\/p>\n<p>\u201cCon SENASA ha quedado claro, sin espacio para dudas ni manipulaciones, que no hay ni habr\u00e1 impunidad. El presidente Luis Abinader no encubre, no negocia con corruptos y no le tiembla el pulso cuando se trata de defender el dinero del pueblo dominicano\u201d, expres\u00f3.<\/p>\n<p>&nbsp;<\/p>\n<p>El dirigente pol\u00edtico fue enf\u00e1tico al se\u00f1alar que esta conducta rompe de ra\u00edz con las pr\u00e1cticas del pasado, cuando se barr\u00edan los casos bajo la alfombra. \u201cHoy la justicia act\u00faa de manera independiente porque el presidente se lo ha garantizado al pa\u00eds. Aqu\u00ed se acabaron los blindajes pol\u00edticos y los pactos de silencio\u201d, afirm\u00f3.<\/p>\n<p>&nbsp;<\/p>\n<p>Tom\u00e1s Hern\u00e1ndez Alberto indic\u00f3 que el mandatario ha honrado su compromiso de gobernar con \u00e9tica, transparencia y responsabilidad, y que su mensaje es claro: quien toque un solo peso del patrimonio p\u00fablico tendr\u00e1 que responder ante la justicia, sin importar su rango o cercan\u00eda con el poder.<\/p>\n<p>&nbsp;<\/p>\n<p>Finalmente, asegur\u00f3 que el presidente Luis Abinader ha sentado un precedente hist\u00f3rico que fortalece la democracia, devuelve la confianza ciudadana y marca un antes y un despu\u00e9s en la lucha contra la corrupci\u00f3n en la Rep\u00fablica Dominicana.<img loading=\"lazy\" decoding=\"async\" class=\"size-medium wp-image-1804 alignright\" src=\"https:\/\/periodicolarepublica.com\/wp-content\/uploads\/2024\/10\/IMG-20240525-WA0100-300x200.jpg\" alt=\"\" width=\"300\" height=\"200\" srcset=\"https:\/\/periodicolarepublica.com\/wp-content\/uploads\/2024\/10\/IMG-20240525-WA0100-300x200.jpg?v=1727804560 300w, https:\/\/periodicolarepublica.com\/wp-content\/uploads\/2024\/10\/IMG-20240525-WA0100-1024x682.jpg?v=1727804560 1024w, https:\/\/periodicolarepublica.com\/wp-content\/uploads\/2024\/10\/IMG-20240525-WA0100-768x511.jpg?v=1727804560 768w, https:\/\/periodicolarepublica.com\/wp-content\/uploads\/2024\/10\/IMG-20240525-WA0100-150x100.jpg?v=1727804560 150w, https:\/\/periodicolarepublica.com\/wp-content\/uploads\/2024\/10\/IMG-20240525-WA0100-600x399.jpg?v=1727804560 600w, https:\/\/periodicolarepublica.com\/wp-content\/uploads\/2024\/10\/IMG-20240525-WA0100-696x463.jpg?v=1727804560 696w, https:\/\/periodicolarepublica.com\/wp-content\/uploads\/2024\/10\/IMG-20240525-WA0100-1068x711.jpg?v=1727804560 1068w, https:\/\/periodicolarepublica.com\/wp-content\/uploads\/2024\/10\/IMG-20240525-WA0100.jpg?v=1727804560 1080w\" sizes=\"auto, (max-width: 300px) 100vw, 300px\" \/><\/p>\n","protected":false},"excerpt":{"rendered":"<p>Santo Domingo.\u2013 El dirigente pol\u00edtico Tom\u00e1s Hern\u00e1ndez Alberto afirm\u00f3 de manera categ\u00f3rica que en la Rep\u00fablica Dominicana la impunidad lleg\u00f3 a su fin con la llegada del presidente Luis Abinader, y que las acciones tomadas frente a las irregularidades detectadas en SENASA confirman que este gobierno no protege a nadie que haya faltado a la [&hellip;]<\/p>\n","protected":false},"author":10,"featured_media":1804,"comment_status":"open","ping_status":"open","sticky":false,"template":"","format":"standard","meta":{"om_disable_all_campaigns":false,"_monsterinsights_skip_tracking":false,"_monsterinsights_sitenote_active":false,"_monsterinsights_sitenote_note":"","_monsterinsights_sitenote_category":0,"footnotes":""},"categories":[1],"tags":[163],"class_list":{"0":"post-4548","1":"post","2":"type-post","3":"status-publish","4":"format-standard","5":"has-post-thumbnail","7":"category-nacionales","8":"tag-tomas-hernandez-alberto"},"aioseo_notices":[],"_links":{"self":[{"href":"https:\/\/periodicolarepublica.com\/index.php\/wp-json\/wp\/v2\/posts\/4548","targetHints":{"allow":["GET"]}}],"collection":[{"href":"https:\/\/periodicolarepublica.com\/index.php\/wp-json\/wp\/v2\/posts"}],"about":[{"href":"https:\/\/periodicolarepublica.com\/index.php\/wp-json\/wp\/v2\/types\/post"}],"author":[{"embeddable":true,"href":"https:\/\/periodicolarepublica.com\/index.php\/wp-json\/wp\/v2\/users\/10"}],"replies":[{"embeddable":true,"href":"https:\/\/periodicolarepublica.com\/index.php\/wp-json\/wp\/v2\/comments?post=4548"}],"version-history":[{"count":2,"href":"https:\/\/periodicolarepublica.com\/index.php\/wp-json\/wp\/v2\/posts\/4548\/revisions"}],"predecessor-version":[{"id":4550,"href":"https:\/\/periodicolarepublica.com\/index.php\/wp-json\/wp\/v2\/posts\/4548\/revisions\/4550"}],"wp:featuredmedia":[{"embeddable":true,"href":"https:\/\/periodicolarepublica.com\/index.php\/wp-json\/wp\/v2\/media\/1804"}],"wp:attachment":[{"href":"https:\/\/periodicolarepublica.com\/index.php\/wp-json\/wp\/v2\/media?parent=4548"}],"wp:term":[{"taxonomy":"category","embeddable":true,"href":"https:\/\/periodicolarepublica.com\/index.php\/wp-json\/wp\/v2\/categories?post=4548"},{"taxonomy":"post_tag","embeddable":true,"href":"https:\/\/periodicolarepublica.com\/index.php\/wp-json\/wp\/v2\/tags?post=4548"}],"curies":[{"name":"wp","href":"https:\/\/api.w.org\/{rel}","templated":true}]}}