{"id":4555,"date":"2025-12-09T08:33:17","date_gmt":"2025-12-09T12:33:17","guid":{"rendered":"https:\/\/periodicolarepublica.com\/?p=4555"},"modified":"2025-12-09T08:33:17","modified_gmt":"2025-12-09T12:33:17","slug":"gobierno-flexibiliza-horarios-de-venta-de-alcohol-para-navidad-y-ano-nuevo","status":"publish","type":"post","link":"https:\/\/periodicolarepublica.com\/index.php\/2025\/12\/09\/gobierno-flexibiliza-horarios-de-venta-de-alcohol-para-navidad-y-ano-nuevo\/","title":{"rendered":"Gobierno flexibiliza horarios de venta de alcohol para Navidad y A\u00f1o Nuevo"},"content":{"rendered":"<p>Santo Domingo. El Ministerio de Interior y Polic\u00eda inform\u00f3 la emisi\u00f3n de la *Resoluci\u00f3n MIP-RR-0009-2025*, que ampl\u00eda de manera temporal el horario para el expendio de bebidas alcoh\u00f3licas durante las festividades navide\u00f1as y de fin de a\u00f1o. La disposici\u00f3n estar\u00e1 vigente desde el 10 de diciembre de 2025 hasta el 5 de enero de 2026, con el objetivo de garantizar celebraciones seguras y ordenadas.<\/p>\n<p>&nbsp;<\/p>\n<p>Seg\u00fan la resoluci\u00f3n, discotecas, bares, clubes, restaurantes, centros de eventos, piano bares y casinos podr\u00e1n operar:<\/p>\n<p>\u2022 Domingo a jueves hasta las 3:00 a. m.<\/p>\n<p>\u2022 Viernes y s\u00e1bado hasta las 4:00 a. m.<\/p>\n<p>&nbsp;<\/p>\n<p>Adem\u00e1s, no habr\u00e1 l\u00edmite de horario para el expendio de bebidas alcoh\u00f3licas durante la madrugada del 25 de diciembre de 2025 y del 1 de enero de 2026, tal como se ha hecho en a\u00f1os anteriores.<\/p>\n<p>&nbsp;<\/p>\n<p>La informaci\u00f3n fue ofrecida por la ministra de Interior y Polic\u00eda, Faride Raful, tras concluir la reuni\u00f3n n\u00famero 118 de seguimiento al Plan de Seguridad Ciudadana, encabezada por el ministro de la Presidencia, Jos\u00e9 Ignacio Paliza.<\/p>\n<p>&nbsp;<\/p>\n<p>*Establecimientos que mantienen el horario regular*<\/p>\n<p>Raful precis\u00f3 que la modificaci\u00f3n no aplica para: colmados, colmadones, cafeter\u00edas, car wash, parques mec\u00e1nicos, parques acu\u00e1ticos y tiendas de licores, los cuales continuar\u00e1n operando todos los d\u00edas hasta las 12:00 de la madrugada, como establece la Resoluci\u00f3n ESP\/001-2022.<\/p>\n<p>&nbsp;<\/p>\n<p>*Supervisi\u00f3n y control*<\/p>\n<p>La ministra record\u00f3 que la aplicaci\u00f3n de la medida ser\u00e1 vigilada por la Direcci\u00f3n Nacional de Control de Expendio de Bebidas Alcoh\u00f3licas (COBA), con el apoyo de la Polic\u00eda Nacional. Las violaciones podr\u00edan generar sanciones como cierres temporales o definitivos, adem\u00e1s de la cancelaci\u00f3n de licencias.<\/p>\n<p>&nbsp;<\/p>\n<p>Asimismo, destac\u00f3 que el Gobierno ha duplicado la presencia de polic\u00edas y miembros del Ministerio de Defensa en todo el territorio nacional, superando los 27 mil agentes, monitoreados permanentemente para reforzar la seguridad ciudadana durante las festividades.<\/p>\n<p>&nbsp;<\/p>\n<p>La funcionaria exhort\u00f3 a la poblaci\u00f3n a actuar con prudencia:<\/p>\n<p>&nbsp;<\/p>\n<p>\u201cPodemos llenar las calles de uniformes, pero nada ser\u00e1 suficiente sin responsabilidad compartida. Nuestro compromiso es proteger la vida y evitar que una familia dominicana pase la Navidad lamentando una p\u00e9rdida\u201d.<\/p>\n<p>&nbsp;<\/p>\n<p>*Renovaci\u00f3n de licencias y cifras de seguridad*<\/p>\n<p>Raful tambi\u00e9n record\u00f3 que el proceso de renovaci\u00f3n de licencias de armas de fuego contin\u00faa vigente hasta el 31 de diciembre, e invit\u00f3 a regularizar permisos vencidos bajo el r\u00e9gimen de gracia dispuesto por la instituci\u00f3n.<\/p>\n<p>&nbsp;<\/p>\n<p>*Tasa de homicidios sigue descendiendo*<\/p>\n<p>La ministra inform\u00f3 que la tasa acumulada de homicidios en 2025 se sit\u00faa en 8.0 por cada 100 mil habitantes, con un total de 1,174 casos, lo que representa:<\/p>\n<p>\u2022 213 homicidios menos que en 2023<\/p>\n<p>\u2022 87 menos que en 2024<\/p>\n<p>&nbsp;<\/p>\n<p>Esta reducci\u00f3n responde al impacto de los operativos preventivos y al trabajo sostenido de la Fuerza de Tarea Conjunta a nivel nacional.<\/p>\n<p>&nbsp;<\/p>\n<p>*Direcci\u00f3n de Comunicaciones*<\/p>\n<figure id=\"attachment_4380\" aria-describedby=\"caption-attachment-4380\" style=\"width: 300px\" class=\"wp-caption alignnone\"><img loading=\"lazy\" decoding=\"async\" class=\"size-medium wp-image-4380\" src=\"https:\/\/periodicolarepublica.com\/wp-content\/uploads\/2025\/11\/images-32-300x300.jpeg\" alt=\"Interior\" width=\"300\" height=\"300\" srcset=\"https:\/\/periodicolarepublica.com\/wp-content\/uploads\/2025\/11\/images-32-300x300.jpeg 300w, https:\/\/periodicolarepublica.com\/wp-content\/uploads\/2025\/11\/images-32-150x150.jpeg 150w, https:\/\/periodicolarepublica.com\/wp-content\/uploads\/2025\/11\/images-32.jpeg 447w\" sizes=\"auto, (max-width: 300px) 100vw, 300px\" \/><figcaption id=\"caption-attachment-4380\" class=\"wp-caption-text\">Interior<\/figcaption><\/figure>\n","protected":false},"excerpt":{"rendered":"<p>Santo Domingo. El Ministerio de Interior y Polic\u00eda inform\u00f3 la emisi\u00f3n de la *Resoluci\u00f3n MIP-RR-0009-2025*, que ampl\u00eda de manera temporal el horario para el expendio de bebidas alcoh\u00f3licas durante las festividades navide\u00f1as y de fin de a\u00f1o. La disposici\u00f3n estar\u00e1 vigente desde el 10 de diciembre de 2025 hasta el 5 de enero de 2026, [&hellip;]<\/p>\n","protected":false},"author":6,"featured_media":4380,"comment_status":"open","ping_status":"open","sticky":false,"template":"","format":"standard","meta":{"om_disable_all_campaigns":false,"_monsterinsights_skip_tracking":false,"_monsterinsights_sitenote_active":false,"_monsterinsights_sitenote_note":"","_monsterinsights_sitenote_category":0,"footnotes":""},"categories":[1],"tags":[],"class_list":{"0":"post-4555","1":"post","2":"type-post","3":"status-publish","4":"format-standard","5":"has-post-thumbnail","7":"category-nacionales"},"aioseo_notices":[],"_links":{"self":[{"href":"https:\/\/periodicolarepublica.com\/index.php\/wp-json\/wp\/v2\/posts\/4555","targetHints":{"allow":["GET"]}}],"collection":[{"href":"https:\/\/periodicolarepublica.com\/index.php\/wp-json\/wp\/v2\/posts"}],"about":[{"href":"https:\/\/periodicolarepublica.com\/index.php\/wp-json\/wp\/v2\/types\/post"}],"author":[{"embeddable":true,"href":"https:\/\/periodicolarepublica.com\/index.php\/wp-json\/wp\/v2\/users\/6"}],"replies":[{"embeddable":true,"href":"https:\/\/periodicolarepublica.com\/index.php\/wp-json\/wp\/v2\/comments?post=4555"}],"version-history":[{"count":1,"href":"https:\/\/periodicolarepublica.com\/index.php\/wp-json\/wp\/v2\/posts\/4555\/revisions"}],"predecessor-version":[{"id":4556,"href":"https:\/\/periodicolarepublica.com\/index.php\/wp-json\/wp\/v2\/posts\/4555\/revisions\/4556"}],"wp:featuredmedia":[{"embeddable":true,"href":"https:\/\/periodicolarepublica.com\/index.php\/wp-json\/wp\/v2\/media\/4380"}],"wp:attachment":[{"href":"https:\/\/periodicolarepublica.com\/index.php\/wp-json\/wp\/v2\/media?parent=4555"}],"wp:term":[{"taxonomy":"category","embeddable":true,"href":"https:\/\/periodicolarepublica.com\/index.php\/wp-json\/wp\/v2\/categories?post=4555"},{"taxonomy":"post_tag","embeddable":true,"href":"https:\/\/periodicolarepublica.com\/index.php\/wp-json\/wp\/v2\/tags?post=4555"}],"curies":[{"name":"wp","href":"https:\/\/api.w.org\/{rel}","templated":true}]}}