{"id":4557,"date":"2025-12-09T08:36:48","date_gmt":"2025-12-09T12:36:48","guid":{"rendered":"https:\/\/periodicolarepublica.com\/?p=4557"},"modified":"2025-12-09T08:36:48","modified_gmt":"2025-12-09T12:36:48","slug":"centro-cultural-banreservas-santiago-inaugura-sus-primeras-exposiciones-con-obras-de-domingo-batista-y-artistas-cibaenos","status":"publish","type":"post","link":"https:\/\/periodicolarepublica.com\/index.php\/2025\/12\/09\/centro-cultural-banreservas-santiago-inaugura-sus-primeras-exposiciones-con-obras-de-domingo-batista-y-artistas-cibaenos\/","title":{"rendered":"Centro Cultural Banreservas Santiago inaugura sus primeras exposiciones con obras de Domingo Batista y artistas cibae\u00f1os"},"content":{"rendered":"<p>Las muestras est\u00e1n abiertas al p\u00fablico desde el 4 de diciembre hasta el mes de marzo y re\u00fanen diversas t\u00e9cnicas y formatos visuales<\/p>\n<p>Santiago, R.D.\u2013 El Centro Cultural Banreservas Santiago inaugur\u00f3 sus primeras exposiciones: \u201cCaminos de luz, caminos de tierra\u201d, del maestro fot\u00f3grafo Domingo Batista; y \u201cCibae\u00f1os en la Colecci\u00f3n de Artes Visuales de Banreservas\u201d, que re\u00fane obras de reconocidos artistas de la regi\u00f3n.<\/p>\n<p>Alieska D\u00edaz, vicepresidenta ejecutiva senior administrativa, expres\u00f3 que el Centro Cultural Banreservas de Santiago naci\u00f3 para dimensionar las distintas expresiones culturales en un mismo espacio de integraci\u00f3n, donde converjan pintores, escultores, escritores y poetas que contribuyen al enriquecimiento espiritual de las personas.<\/p>\n<p>&nbsp;<\/p>\n<p>\u201cCon ambas exposiciones, hemos querido poner de relieve la importancia que damos a este nuevo hogar del arte en todas sus manifestaciones\u201d, puntualiz\u00f3 D\u00edaz.<\/p>\n<p>&nbsp;<\/p>\n<p>Domingo Batista agradeci\u00f3 al Centro Cultural Banreservas por presentar al p\u00fablico sus creaciones.<\/p>\n<p>&nbsp;<\/p>\n<p>Por su lado, Gladialisa Pereyra, gerente de Cultura de Santiago, destac\u00f3 que \u201cCaminos de luz, caminos de tierra\u201d trasciende como una retrospectiva para convertirse en un di\u00e1logo sensorial con el alma del paisaje dominicano.<\/p>\n<p>&nbsp;<\/p>\n<p>La gestora cultural a\u00f1adi\u00f3 que en cada fotograf\u00eda se percibe un gesto de amor al pa\u00eds, un acto de gratitud al paisaje y una afirmaci\u00f3n de que la belleza tambi\u00e9n es territorio de identidad.<\/p>\n<p>&nbsp;<\/p>\n<p>La exposici\u00f3n ha sido curada por el Centro Le\u00f3n, instituci\u00f3n que resguarda los fondos del reconocido fot\u00f3grafo santiaguero.<\/p>\n<p>Por su parte, Gina Rodr\u00edguez, directora del Museo de Arte de Santiago, explic\u00f3 que la muestra \u201cCibae\u00f1os en la Colecci\u00f3n de Artes Visuales de Banreservas\u201d rinde homenaje a figuras esenciales de la regi\u00f3n norte como Cuquito Pe\u00f1a, Alberto Ulloa, Carlos Hinojosa, Danicel, Justo Susana, Antonio Guadalupe, Rafy V\u00e1squez, Marianela Jim\u00e9nez, Dionisio Pichardo, Jos\u00e9 F\u00e9lix Moya, Rosa Tav\u00e1rez, Jorge Severino y C\u00e1ndido Bid\u00f3.<\/p>\n<p>Rodr\u00edguez subray\u00f3 que esta colecci\u00f3n reafirma el compromiso de Banreservas con la preservaci\u00f3n y promoci\u00f3n del arte nacional, especialmente el que nace del Cibao, regi\u00f3n que no solo alimenta al pa\u00eds, sino que ha producido algunos de sus artistas m\u00e1s destacados.<\/p>\n<p>Las exposiciones permanecen abiertas al p\u00fablico desde el 4 de diciembre hasta el mes de marzo en el hist\u00f3rico edificio del antiguo Hotel Mercedes, actual sede del Centro Cultural Banreservas Santiago.<\/p>\n<p>A la ceremonia inaugural asistieron destacadas figuras del arte y la cultura, autoridades civiles, artistas, empresarios y ejecutivos de Banreservas.<\/p>\n<p><img loading=\"lazy\" decoding=\"async\" class=\"alignnone size-medium wp-image-4066\" src=\"https:\/\/periodicolarepublica.com\/wp-content\/uploads\/2025\/09\/images-21-300x300.jpeg\" alt=\"\" width=\"300\" height=\"300\" srcset=\"https:\/\/periodicolarepublica.com\/wp-content\/uploads\/2025\/09\/images-21-300x300.jpeg 300w, https:\/\/periodicolarepublica.com\/wp-content\/uploads\/2025\/09\/images-21-150x150.jpeg 150w, https:\/\/periodicolarepublica.com\/wp-content\/uploads\/2025\/09\/images-21.jpeg 554w\" sizes=\"auto, (max-width: 300px) 100vw, 300px\" \/><\/p>\n","protected":false},"excerpt":{"rendered":"<p>Las muestras est\u00e1n abiertas al p\u00fablico desde el 4 de diciembre hasta el mes de marzo y re\u00fanen diversas t\u00e9cnicas y formatos visuales Santiago, R.D.\u2013 El Centro Cultural Banreservas Santiago inaugur\u00f3 sus primeras exposiciones: \u201cCaminos de luz, caminos de tierra\u201d, del maestro fot\u00f3grafo Domingo Batista; y \u201cCibae\u00f1os en la Colecci\u00f3n de Artes Visuales de Banreservas\u201d, [&hellip;]<\/p>\n","protected":false},"author":6,"featured_media":4066,"comment_status":"open","ping_status":"open","sticky":false,"template":"","format":"standard","meta":{"om_disable_all_campaigns":false,"_monsterinsights_skip_tracking":false,"_monsterinsights_sitenote_active":false,"_monsterinsights_sitenote_note":"","_monsterinsights_sitenote_category":0,"footnotes":""},"categories":[1],"tags":[],"class_list":{"0":"post-4557","1":"post","2":"type-post","3":"status-publish","4":"format-standard","5":"has-post-thumbnail","7":"category-nacionales"},"aioseo_notices":[],"_links":{"self":[{"href":"https:\/\/periodicolarepublica.com\/index.php\/wp-json\/wp\/v2\/posts\/4557","targetHints":{"allow":["GET"]}}],"collection":[{"href":"https:\/\/periodicolarepublica.com\/index.php\/wp-json\/wp\/v2\/posts"}],"about":[{"href":"https:\/\/periodicolarepublica.com\/index.php\/wp-json\/wp\/v2\/types\/post"}],"author":[{"embeddable":true,"href":"https:\/\/periodicolarepublica.com\/index.php\/wp-json\/wp\/v2\/users\/6"}],"replies":[{"embeddable":true,"href":"https:\/\/periodicolarepublica.com\/index.php\/wp-json\/wp\/v2\/comments?post=4557"}],"version-history":[{"count":1,"href":"https:\/\/periodicolarepublica.com\/index.php\/wp-json\/wp\/v2\/posts\/4557\/revisions"}],"predecessor-version":[{"id":4558,"href":"https:\/\/periodicolarepublica.com\/index.php\/wp-json\/wp\/v2\/posts\/4557\/revisions\/4558"}],"wp:featuredmedia":[{"embeddable":true,"href":"https:\/\/periodicolarepublica.com\/index.php\/wp-json\/wp\/v2\/media\/4066"}],"wp:attachment":[{"href":"https:\/\/periodicolarepublica.com\/index.php\/wp-json\/wp\/v2\/media?parent=4557"}],"wp:term":[{"taxonomy":"category","embeddable":true,"href":"https:\/\/periodicolarepublica.com\/index.php\/wp-json\/wp\/v2\/categories?post=4557"},{"taxonomy":"post_tag","embeddable":true,"href":"https:\/\/periodicolarepublica.com\/index.php\/wp-json\/wp\/v2\/tags?post=4557"}],"curies":[{"name":"wp","href":"https:\/\/api.w.org\/{rel}","templated":true}]}}