{"id":4560,"date":"2025-12-09T09:28:21","date_gmt":"2025-12-09T13:28:21","guid":{"rendered":"https:\/\/periodicolarepublica.com\/?p=4560"},"modified":"2025-12-09T09:28:21","modified_gmt":"2025-12-09T13:28:21","slug":"arajet-permite-que-ninos-y-jovenes-vuelen-gratis","status":"publish","type":"post","link":"https:\/\/periodicolarepublica.com\/index.php\/2025\/12\/09\/arajet-permite-que-ninos-y-jovenes-vuelen-gratis\/","title":{"rendered":"Arajet permite que ni\u00f1os y j\u00f3venes vuelen gratis"},"content":{"rendered":"<p>La aerol\u00ednea lanza la promoci\u00f3n \u201cVamo\u2019 en familia\u201d con 100% de descuento para pasajeros de hasta 16 a\u00f1os<\/p>\n<p>Santo Domingo, 9 de diciembre de 2025.- Arajet anunci\u00f3 su nueva promoci\u00f3n navide\u00f1a \u201cVamo\u2019 en familia\u201d, mediante la cual ni\u00f1os y j\u00f3venes de hasta 16 a\u00f1os pueden volar, en compa\u00f1\u00eda de un adulto, con un 100% de descuento en la tarifa base, pagando \u00fanicamente impuestos y tasas aeroportuarias.<\/p>\n<p>La iniciativa, dise\u00f1ada para facilitar los reencuentros familiares durante la temporada y promover las primeras grandes experiencias de viaje en 2026, estar\u00e1 disponible para compras realizadas entre el 8 y el 14 de diciembre de 2025, para volar desde el 14 de enero hasta el 30 de septiembre de 2026. Para activar la oferta, los clientes solo deben ingresar el c\u00f3digo \u201cVamoEnFam\u201d al momento de la reserva.<\/p>\n<p><img loading=\"lazy\" decoding=\"async\" class=\"alignnone size-medium wp-image-2818\" src=\"https:\/\/periodicolarepublica.com\/wp-content\/uploads\/2025\/03\/Primer-oficial-Arajet-scaled-e1751301066359-300x220.jpg\" alt=\"\" width=\"300\" height=\"220\" srcset=\"https:\/\/periodicolarepublica.com\/wp-content\/uploads\/2025\/03\/Primer-oficial-Arajet-scaled-e1751301066359-300x220.jpg 300w, https:\/\/periodicolarepublica.com\/wp-content\/uploads\/2025\/03\/Primer-oficial-Arajet-scaled-e1751301066359-768x562.jpg 768w, https:\/\/periodicolarepublica.com\/wp-content\/uploads\/2025\/03\/Primer-oficial-Arajet-scaled-e1751301066359-150x110.jpg 150w, https:\/\/periodicolarepublica.com\/wp-content\/uploads\/2025\/03\/Primer-oficial-Arajet-scaled-e1751301066359-600x439.jpg 600w, https:\/\/periodicolarepublica.com\/wp-content\/uploads\/2025\/03\/Primer-oficial-Arajet-scaled-e1751301066359-696x510.jpg 696w, https:\/\/periodicolarepublica.com\/wp-content\/uploads\/2025\/03\/Primer-oficial-Arajet-scaled-e1751301066359.jpg 937w\" sizes=\"auto, (max-width: 300px) 100vw, 300px\" \/><\/p>\n","protected":false},"excerpt":{"rendered":"<p>La aerol\u00ednea lanza la promoci\u00f3n \u201cVamo\u2019 en familia\u201d con 100% de descuento para pasajeros de hasta 16 a\u00f1os Santo Domingo, 9 de diciembre de 2025.- Arajet anunci\u00f3 su nueva promoci\u00f3n navide\u00f1a \u201cVamo\u2019 en familia\u201d, mediante la cual ni\u00f1os y j\u00f3venes de hasta 16 a\u00f1os pueden volar, en compa\u00f1\u00eda de un adulto, con un 100% de [&hellip;]<\/p>\n","protected":false},"author":6,"featured_media":2818,"comment_status":"open","ping_status":"open","sticky":false,"template":"","format":"standard","meta":{"om_disable_all_campaigns":false,"_monsterinsights_skip_tracking":false,"_monsterinsights_sitenote_active":false,"_monsterinsights_sitenote_note":"","_monsterinsights_sitenote_category":0,"footnotes":""},"categories":[1],"tags":[],"class_list":{"0":"post-4560","1":"post","2":"type-post","3":"status-publish","4":"format-standard","5":"has-post-thumbnail","7":"category-nacionales"},"aioseo_notices":[],"_links":{"self":[{"href":"https:\/\/periodicolarepublica.com\/index.php\/wp-json\/wp\/v2\/posts\/4560","targetHints":{"allow":["GET"]}}],"collection":[{"href":"https:\/\/periodicolarepublica.com\/index.php\/wp-json\/wp\/v2\/posts"}],"about":[{"href":"https:\/\/periodicolarepublica.com\/index.php\/wp-json\/wp\/v2\/types\/post"}],"author":[{"embeddable":true,"href":"https:\/\/periodicolarepublica.com\/index.php\/wp-json\/wp\/v2\/users\/6"}],"replies":[{"embeddable":true,"href":"https:\/\/periodicolarepublica.com\/index.php\/wp-json\/wp\/v2\/comments?post=4560"}],"version-history":[{"count":1,"href":"https:\/\/periodicolarepublica.com\/index.php\/wp-json\/wp\/v2\/posts\/4560\/revisions"}],"predecessor-version":[{"id":4561,"href":"https:\/\/periodicolarepublica.com\/index.php\/wp-json\/wp\/v2\/posts\/4560\/revisions\/4561"}],"wp:featuredmedia":[{"embeddable":true,"href":"https:\/\/periodicolarepublica.com\/index.php\/wp-json\/wp\/v2\/media\/2818"}],"wp:attachment":[{"href":"https:\/\/periodicolarepublica.com\/index.php\/wp-json\/wp\/v2\/media?parent=4560"}],"wp:term":[{"taxonomy":"category","embeddable":true,"href":"https:\/\/periodicolarepublica.com\/index.php\/wp-json\/wp\/v2\/categories?post=4560"},{"taxonomy":"post_tag","embeddable":true,"href":"https:\/\/periodicolarepublica.com\/index.php\/wp-json\/wp\/v2\/tags?post=4560"}],"curies":[{"name":"wp","href":"https:\/\/api.w.org\/{rel}","templated":true}]}}