{"id":4562,"date":"2025-12-09T18:46:37","date_gmt":"2025-12-09T22:46:37","guid":{"rendered":"https:\/\/periodicolarepublica.com\/?p=4562"},"modified":"2025-12-09T18:46:37","modified_gmt":"2025-12-09T22:46:37","slug":"idac-recibe-reconocimiento-por-promover-meritocracia-durante-campana-por-integridad-en-la-administracion-publica","status":"publish","type":"post","link":"https:\/\/periodicolarepublica.com\/index.php\/2025\/12\/09\/idac-recibe-reconocimiento-por-promover-meritocracia-durante-campana-por-integridad-en-la-administracion-publica\/","title":{"rendered":"IDAC recibe reconocimiento por promover Meritocracia durante campa\u00f1a por integridad en la administraci\u00f3n p\u00fablica"},"content":{"rendered":"<p>IDAC recibe reconocimiento por promover Meritocracia durante campa\u00f1a por integridad en la administraci\u00f3n p\u00fablica<\/p>\n<p>El Instituto Dominicano de Aviaci\u00f3n Civil (IDAC) logr\u00f3 un reconocimiento, esta vez, por promover el valor de la Meritocracia y fomentar la igualdad de oportunidades y el desarrollo basado en el desempe\u00f1o de sus colaboradores, durante la Campa\u00f1a Nacional por la Integridad en la Administraci\u00f3n P\u00fablica A\u00f1o 2025, \u201cDominicana Sin Corrupci\u00f3n\u201d, que organiza la Direcci\u00f3n General de \u00c9tica e Integridad Gubernamental (DIGEIG), en su quinta versi\u00f3n.<\/p>\n<p>&nbsp;<\/p>\n<p>\u201cEste reconocimiento reafirma nuestro compromiso con la \u00e9tica, la integridad gubernamental y la transparencia, pilares fundamentales para fortalecer la confianza ciudadana y construir una administraci\u00f3n p\u00fablica m\u00e1s justa y eficiente\u201d, resalt\u00f3 la subdirectora general del IDAC, Paola Aim\u00e9e Pl\u00e1 Puello.<\/p>\n<p>&nbsp;<\/p>\n<p>La directora general de la DIGEIG, Milagros Ortiz Bosch, alent\u00f3 a todas las dependencias del Estado a poner \u00e9nfasis en todas las categor\u00edas que son reconocidas durante esta premiaci\u00f3n y muy especialmente, en las que tienen que ver con la lucha contra la corrupci\u00f3n, un tema que ha sido recurrente en los discursos del Presidente Luis Abinader.<\/p>\n<p>&nbsp;<\/p>\n<p>Junto con el IDAC fueron reconocidas otras instituciones como el Departamento Aeroportuario, la Comisi\u00f3n de Fomento a la Tecnificaci\u00f3n del Sistema Nacional de Riego, la Junta de Aviaci\u00f3n Civil (JAC), la Direcci\u00f3n General de Embellecimiento de Carreteras y Avenidas, entre otras.<\/p>\n<p>&nbsp;<\/p>\n<p>Adem\u00e1s de Ortiz Bosch, quien presidi\u00f3 el evento, asistieron el ministro Administrativo de la Presidencia, Andr\u00e9s Bautista; el director general de Presupuesto, Jos\u00e9 Rijo Presbot y el contralor general de la Rep\u00fablica, F\u00e9lix Antonio Santana Garc\u00eda.<\/p>\n<p><img loading=\"lazy\" decoding=\"async\" class=\"alignnone size-medium wp-image-4564\" src=\"https:\/\/periodicolarepublica.com\/wp-content\/uploads\/2025\/12\/IMG-20251209-WA00641-e1765320361664-300x225.jpg\" alt=\"\" width=\"300\" height=\"225\" srcset=\"https:\/\/periodicolarepublica.com\/wp-content\/uploads\/2025\/12\/IMG-20251209-WA00641-e1765320361664-300x225.jpg 300w, https:\/\/periodicolarepublica.com\/wp-content\/uploads\/2025\/12\/IMG-20251209-WA00641-e1765320361664-1024x768.jpg 1024w, https:\/\/periodicolarepublica.com\/wp-content\/uploads\/2025\/12\/IMG-20251209-WA00641-e1765320361664-768x576.jpg 768w, https:\/\/periodicolarepublica.com\/wp-content\/uploads\/2025\/12\/IMG-20251209-WA00641-e1765320361664-150x112.jpg 150w, https:\/\/periodicolarepublica.com\/wp-content\/uploads\/2025\/12\/IMG-20251209-WA00641-e1765320361664-600x450.jpg 600w, https:\/\/periodicolarepublica.com\/wp-content\/uploads\/2025\/12\/IMG-20251209-WA00641-e1765320361664-696x522.jpg 696w, https:\/\/periodicolarepublica.com\/wp-content\/uploads\/2025\/12\/IMG-20251209-WA00641-e1765320361664-1068x801.jpg 1068w, https:\/\/periodicolarepublica.com\/wp-content\/uploads\/2025\/12\/IMG-20251209-WA00641-e1765320361664-265x198.jpg 265w, https:\/\/periodicolarepublica.com\/wp-content\/uploads\/2025\/12\/IMG-20251209-WA00641-e1765320361664-530x396.jpg 530w, https:\/\/periodicolarepublica.com\/wp-content\/uploads\/2025\/12\/IMG-20251209-WA00641-e1765320361664.jpg 1098w\" sizes=\"auto, (max-width: 300px) 100vw, 300px\" \/><\/p>\n<p>&nbsp;<\/p>\n<p>&nbsp;<\/p>\n<p>&nbsp;<\/p>\n","protected":false},"excerpt":{"rendered":"<p>IDAC recibe reconocimiento por promover Meritocracia durante campa\u00f1a por integridad en la administraci\u00f3n p\u00fablica El Instituto Dominicano de Aviaci\u00f3n Civil (IDAC) logr\u00f3 un reconocimiento, esta vez, por promover el valor de la Meritocracia y fomentar la igualdad de oportunidades y el desarrollo basado en el desempe\u00f1o de sus colaboradores, durante la Campa\u00f1a Nacional por la [&hellip;]<\/p>\n","protected":false},"author":6,"featured_media":4564,"comment_status":"open","ping_status":"open","sticky":false,"template":"","format":"standard","meta":{"om_disable_all_campaigns":false,"_monsterinsights_skip_tracking":false,"_monsterinsights_sitenote_active":false,"_monsterinsights_sitenote_note":"","_monsterinsights_sitenote_category":0,"footnotes":""},"categories":[1],"tags":[],"class_list":{"0":"post-4562","1":"post","2":"type-post","3":"status-publish","4":"format-standard","5":"has-post-thumbnail","7":"category-nacionales"},"aioseo_notices":[],"_links":{"self":[{"href":"https:\/\/periodicolarepublica.com\/index.php\/wp-json\/wp\/v2\/posts\/4562","targetHints":{"allow":["GET"]}}],"collection":[{"href":"https:\/\/periodicolarepublica.com\/index.php\/wp-json\/wp\/v2\/posts"}],"about":[{"href":"https:\/\/periodicolarepublica.com\/index.php\/wp-json\/wp\/v2\/types\/post"}],"author":[{"embeddable":true,"href":"https:\/\/periodicolarepublica.com\/index.php\/wp-json\/wp\/v2\/users\/6"}],"replies":[{"embeddable":true,"href":"https:\/\/periodicolarepublica.com\/index.php\/wp-json\/wp\/v2\/comments?post=4562"}],"version-history":[{"count":2,"href":"https:\/\/periodicolarepublica.com\/index.php\/wp-json\/wp\/v2\/posts\/4562\/revisions"}],"predecessor-version":[{"id":4565,"href":"https:\/\/periodicolarepublica.com\/index.php\/wp-json\/wp\/v2\/posts\/4562\/revisions\/4565"}],"wp:featuredmedia":[{"embeddable":true,"href":"https:\/\/periodicolarepublica.com\/index.php\/wp-json\/wp\/v2\/media\/4564"}],"wp:attachment":[{"href":"https:\/\/periodicolarepublica.com\/index.php\/wp-json\/wp\/v2\/media?parent=4562"}],"wp:term":[{"taxonomy":"category","embeddable":true,"href":"https:\/\/periodicolarepublica.com\/index.php\/wp-json\/wp\/v2\/categories?post=4562"},{"taxonomy":"post_tag","embeddable":true,"href":"https:\/\/periodicolarepublica.com\/index.php\/wp-json\/wp\/v2\/tags?post=4562"}],"curies":[{"name":"wp","href":"https:\/\/api.w.org\/{rel}","templated":true}]}}