{"id":4566,"date":"2025-12-10T08:54:33","date_gmt":"2025-12-10T12:54:33","guid":{"rendered":"https:\/\/periodicolarepublica.com\/?p=4566"},"modified":"2025-12-10T09:01:08","modified_gmt":"2025-12-10T13:01:08","slug":"4566","status":"publish","type":"post","link":"https:\/\/periodicolarepublica.com\/index.php\/2025\/12\/10\/4566\/","title":{"rendered":"Tom\u00e1s Hern\u00e1ndez Alberto: \u201cEn el caso SENASA, el presidente Luis Abinader actu\u00f3 con responsabilidad, firmeza y cero tolerancia a la corrupci\u00f3n\u201d"},"content":{"rendered":"<p>\u201cCon hechos como el de SENASA queda claro que en este gobierno no hay vacas sagradas y que la transparencia lleg\u00f3 para quedarse\u201d,<\/p>\n<p>Santo Domingo, &#8211; El dirigente pol\u00edtico Tom\u00e1s Hern\u00e1ndez Alberto afirm\u00f3 que la actuaci\u00f3n del presidente Luis Abinader frente a la situaci\u00f3n ocurrida en SENASA confirma, una vez m\u00e1s, que en la Rep\u00fablica Dominicana no existe espacio para la impunidad y que la lucha contra la corrupci\u00f3n es una pol\u00edtica de Estado real, no un discurso.<\/p>\n<p>&nbsp;<\/p>\n<p>Hern\u00e1ndez Alberto sostuvo que el presidente Abinader no dud\u00f3 ni un segundo en ordenar que los hechos fueran investigados y remitidos a las instancias correspondientes, demostrando que su compromiso con la transparencia est\u00e1 por encima de personas, cargos o cercan\u00edas pol\u00edticas.<\/p>\n<p>&nbsp;<\/p>\n<p>\u201cLo de SENASA duele, porque es una instituci\u00f3n social sensible, pero precisamente por eso hab\u00eda que actuar con firmeza. El presidente Abinader dej\u00f3 claro que aqu\u00ed no se tapa nada y que quien comete irregularidades tiene que responder ante la justicia\u201d, expres\u00f3.<\/p>\n<p>&nbsp;<\/p>\n<p>El dirigente destac\u00f3 que esta conducta responsable env\u00eda un mensaje contundente al pa\u00eds: el dinero del pueblo se respeta y todo funcionario que falle a esa confianza deber\u00e1 enfrentar consecuencias.<\/p>\n<p>&nbsp;<\/p>\n<p>\u201cLuis Abinader ha sido coherente desde el primer d\u00eda: \u2018tengo amigos, pero no c\u00f3mplices\u2019. En el caso SENASA volvi\u00f3 a demostrar que esa no es una frase bonita, sino una forma de gobernar\u201d, subray\u00f3.<\/p>\n<p>&nbsp;<\/p>\n<p>Asimismo, Tom\u00e1s Hern\u00e1ndez Alberto contrast\u00f3 esta actitud con gobiernos anteriores, donde casos similares eran ocultados, archivados o manejados pol\u00edticamente, sin que los responsables fueran sometidos a la justicia.<\/p>\n<p>&nbsp;<\/p>\n<p>\u201cAntes se cambiaban funcionarios de puesto o se mandaban al exterior; hoy se investiga y se somete. Esa es la diferencia entre un gobierno que protege la corrupci\u00f3n y uno que la enfrenta\u201d, afirm\u00f3.<\/p>\n<p>&nbsp;<\/p>\n<p>Finalmente, se\u00f1al\u00f3 que la actuaci\u00f3n del presidente Abinader fortalece la confianza ciudadana, protege a las instituciones sociales y consolida un nuevo est\u00e1ndar \u00e9tico en la administraci\u00f3n p\u00fablica dominicana. concluy\u00f3<img loading=\"lazy\" decoding=\"async\" class=\"size-medium wp-image-4567 alignright\" src=\"https:\/\/periodicolarepublica.com\/wp-content\/uploads\/2025\/12\/IMG_20251210_084724-300x284.jpg\" alt=\"\" width=\"300\" height=\"284\" srcset=\"https:\/\/periodicolarepublica.com\/wp-content\/uploads\/2025\/12\/IMG_20251210_084724-300x284.jpg?v=1765371254 300w, https:\/\/periodicolarepublica.com\/wp-content\/uploads\/2025\/12\/IMG_20251210_084724-768x727.jpg?v=1765371254 768w, https:\/\/periodicolarepublica.com\/wp-content\/uploads\/2025\/12\/IMG_20251210_084724-150x142.jpg?v=1765371254 150w, https:\/\/periodicolarepublica.com\/wp-content\/uploads\/2025\/12\/IMG_20251210_084724-600x568.jpg?v=1765371254 600w, https:\/\/periodicolarepublica.com\/wp-content\/uploads\/2025\/12\/IMG_20251210_084724-696x659.jpg?v=1765371254 696w, https:\/\/periodicolarepublica.com\/wp-content\/uploads\/2025\/12\/IMG_20251210_084724.jpg?v=1765371254 908w\" sizes=\"auto, (max-width: 300px) 100vw, 300px\" \/><\/p>\n","protected":false},"excerpt":{"rendered":"<p>\u201cCon hechos como el de SENASA queda claro que en este gobierno no hay vacas sagradas y que la transparencia lleg\u00f3 para quedarse\u201d, Santo Domingo, &#8211; El dirigente pol\u00edtico Tom\u00e1s Hern\u00e1ndez Alberto afirm\u00f3 que la actuaci\u00f3n del presidente Luis Abinader frente a la situaci\u00f3n ocurrida en SENASA confirma, una vez m\u00e1s, que en la Rep\u00fablica [&hellip;]<\/p>\n","protected":false},"author":10,"featured_media":4567,"comment_status":"open","ping_status":"open","sticky":false,"template":"","format":"standard","meta":{"om_disable_all_campaigns":false,"_monsterinsights_skip_tracking":false,"_monsterinsights_sitenote_active":false,"_monsterinsights_sitenote_note":"","_monsterinsights_sitenote_category":0,"footnotes":""},"categories":[1],"tags":[163],"class_list":{"0":"post-4566","1":"post","2":"type-post","3":"status-publish","4":"format-standard","5":"has-post-thumbnail","7":"category-nacionales","8":"tag-tomas-hernandez-alberto"},"aioseo_notices":[],"_links":{"self":[{"href":"https:\/\/periodicolarepublica.com\/index.php\/wp-json\/wp\/v2\/posts\/4566","targetHints":{"allow":["GET"]}}],"collection":[{"href":"https:\/\/periodicolarepublica.com\/index.php\/wp-json\/wp\/v2\/posts"}],"about":[{"href":"https:\/\/periodicolarepublica.com\/index.php\/wp-json\/wp\/v2\/types\/post"}],"author":[{"embeddable":true,"href":"https:\/\/periodicolarepublica.com\/index.php\/wp-json\/wp\/v2\/users\/10"}],"replies":[{"embeddable":true,"href":"https:\/\/periodicolarepublica.com\/index.php\/wp-json\/wp\/v2\/comments?post=4566"}],"version-history":[{"count":3,"href":"https:\/\/periodicolarepublica.com\/index.php\/wp-json\/wp\/v2\/posts\/4566\/revisions"}],"predecessor-version":[{"id":4570,"href":"https:\/\/periodicolarepublica.com\/index.php\/wp-json\/wp\/v2\/posts\/4566\/revisions\/4570"}],"wp:featuredmedia":[{"embeddable":true,"href":"https:\/\/periodicolarepublica.com\/index.php\/wp-json\/wp\/v2\/media\/4567"}],"wp:attachment":[{"href":"https:\/\/periodicolarepublica.com\/index.php\/wp-json\/wp\/v2\/media?parent=4566"}],"wp:term":[{"taxonomy":"category","embeddable":true,"href":"https:\/\/periodicolarepublica.com\/index.php\/wp-json\/wp\/v2\/categories?post=4566"},{"taxonomy":"post_tag","embeddable":true,"href":"https:\/\/periodicolarepublica.com\/index.php\/wp-json\/wp\/v2\/tags?post=4566"}],"curies":[{"name":"wp","href":"https:\/\/api.w.org\/{rel}","templated":true}]}}