{"id":4574,"date":"2025-12-10T17:49:39","date_gmt":"2025-12-10T21:49:39","guid":{"rendered":"https:\/\/periodicolarepublica.com\/?p=4574"},"modified":"2025-12-10T17:49:39","modified_gmt":"2025-12-10T21:49:39","slug":"luis-miguel-de-camps-resalta-victoria-de-estudiantes-dominicanos-en-competencia-internacional-desafio-naranj","status":"publish","type":"post","link":"https:\/\/periodicolarepublica.com\/index.php\/2025\/12\/10\/luis-miguel-de-camps-resalta-victoria-de-estudiantes-dominicanos-en-competencia-internacional-desafio-naranj\/","title":{"rendered":"Luis Miguel De Camps resalta victoria de estudiantes dominicanos en competencia internacional Desaf\u00edo Naranj"},"content":{"rendered":"<p>El ministro de Educaci\u00f3n, Luis Miguel De Camps, destac\u00f3 el esfuerzo, la creatividad y la dedicaci\u00f3n de los estudiantes dominicanos que obtuvieron premios en el concurso internacional Desaf\u00edo Naranja, realizado en El Salvador en noviembre, a quienes describi\u00f3 como el resultado de un sistema p\u00fablico universitario que brinda educaci\u00f3n de calidad.<\/p>\n<p>&nbsp;<\/p>\n<p>&nbsp;<\/p>\n<p>La delegaci\u00f3n estuvo integrada por estudiantes del nivel Secundario de las modalidades T\u00e9cnico-Profesional y Artes, procedentes de los distritos educativos 04-04, Villa Altagracia; 15-03, Santo Domingo; 05-03, La Romana; y 14-04, Saman\u00e1.<\/p>\n<p>&nbsp;<\/p>\n<p>&nbsp;<\/p>\n<p>Los estudiantes presentaron cinco proyectos y recibieron reconocimientos en categor\u00edas como moda, artesan\u00edas, negocio creativo, producci\u00f3n audiovisual y turismo cultural.<\/p>\n<p>&nbsp;<\/p>\n<p>&nbsp;<\/p>\n<p>Los proyectos ganadores fueron \u201cEcopara\u00edso Mana de Isa\u201d, del Polit\u00e9cnico Juan Emilio Bosch Gavi\u00f1o, y \u201cCasa de Arte Catarey\u201d, del Centro en Artes F\u00e9lix Evaristo Mej\u00eda Abreu, ambos de Villa Altagracia. Cada propuesta recibi\u00f3 un premio de cuatro mil d\u00f3lares para la continuidad y fortalecimiento de sus iniciativas.<\/p>\n<p>&nbsp;<\/p>\n<p>&nbsp;<\/p>\n<p>\u201cDesaf\u00edo Naranja es un espacio donde se reconoce la capacidad de innovar, de emprender y de convertir ideas en soluciones reales. Adem\u00e1s, de usar el talento para transformar vidas y comunidades. Ustedes demostraron que nuestro pa\u00eds sabe competir en el terreno donde nace el futuro: el de la imaginaci\u00f3n que se vuelve proyecto\u201d, destac\u00f3 el ministro De Camps al recibir a los estudiantes en la sede del Ministerio de Educaci\u00f3n.<\/p>\n<p>&nbsp;<\/p>\n<p>&nbsp;<\/p>\n<p>Igualmente, destac\u00f3 que se impulsan pol\u00edticas p\u00fablicas para que el sistema p\u00fablico preuniversitario produzca j\u00f3venes talentos como los ganadores, \u201cque sean curiosos, que sean audaces y capaces de imaginar, pero tambi\u00e9n de ejecutar, porque ah\u00ed es donde se construye la econom\u00eda del ma\u00f1ana\u201d.<\/p>\n<p>&nbsp;<\/p>\n<p>&nbsp;<\/p>\n<p>Franchesca Mar\u00eda Lara, estudiante de 18 a\u00f1os del Polit\u00e9cnico Profesor Juan Bosch, manifest\u00f3 que la experiencia en El Salvador le permiti\u00f3 validar su propuesta y confirmar que la sostenibilidad puede convertirse en una oportunidad econ\u00f3mica para la comunidad.<\/p>\n<p>&nbsp;<\/p>\n<p>&nbsp;<\/p>\n<p>De su lado, Ismael Alberto Collado Tiburcio, de 16 a\u00f1os y del proyecto \u201cCasa de Artes Catarey\u201d, expres\u00f3 que esta participaci\u00f3n les brind\u00f3 herramientas para convertir su iniciativa cultural en un proyecto creativo de impacto.<\/p>\n<p>&nbsp;<\/p>\n<p>&nbsp;<\/p>\n<p>Asimismo, Osmin Judith Fr\u00edas Casanova, tambi\u00e9n del proyecto \u201cCasa de Artes Catarey\u201d, destac\u00f3 el acompa\u00f1amiento docente recibido y asegur\u00f3 que regresan m\u00e1s preparados para fortalecer la identidad cultural a trav\u00e9s del arte.<\/p>\n<p>&nbsp;<\/p>\n<p>&nbsp;<\/p>\n<p>El ministro entreg\u00f3 computadoras port\u00e1tiles a los ganadores, a fin de que puedan seguir expandiendo sus conocimientos e ideas y, de ese modo, continuar contribuyendo al desarrollo de sus comunidades con sus proyectos.<\/p>\n<p>&nbsp;<\/p>\n<p>&nbsp;<\/p>\n<p>En esta competici\u00f3n, adem\u00e1s, otros proyectos obtuvieron menciones de reconocimiento, tales como Vallme Crochet, del Polit\u00e9cnico Profesora Manuela Mullix Ferm\u00edn; Alma en Movimiento, del Instituto Polit\u00e9cnico Padre Bartolom\u00e9 Vegh; y Santos Designer, del Centro en Artes Fernando Ure\u00f1a Rib.<\/p>\n<p>&nbsp;<\/p>\n<p>&nbsp;<\/p>\n<p>El Desaf\u00edo Naranja, impulsado igualmente por la Fundaci\u00f3n Filarmon\u00eda, promueve la creatividad y el emprendimiento juvenil en la regi\u00f3n e involucra a j\u00f3venes de 14 a 25 a\u00f1os de varios pa\u00edses de Latinoam\u00e9rica.<\/p>\n<p><img loading=\"lazy\" decoding=\"async\" class=\"alignnone size-medium wp-image-4575\" src=\"https:\/\/periodicolarepublica.com\/wp-content\/uploads\/2025\/12\/IMG-20251210-WA0060-e1765403351375-300x237.jpg\" alt=\"\" width=\"300\" height=\"237\" srcset=\"https:\/\/periodicolarepublica.com\/wp-content\/uploads\/2025\/12\/IMG-20251210-WA0060-e1765403351375-300x237.jpg 300w, https:\/\/periodicolarepublica.com\/wp-content\/uploads\/2025\/12\/IMG-20251210-WA0060-e1765403351375-150x118.jpg 150w, https:\/\/periodicolarepublica.com\/wp-content\/uploads\/2025\/12\/IMG-20251210-WA0060-e1765403351375.jpg 460w\" sizes=\"auto, (max-width: 300px) 100vw, 300px\" \/><\/p>\n<p>&nbsp;<\/p>\n<p>*Direcci\u00f3n de Comunicaciones*<\/p>\n","protected":false},"excerpt":{"rendered":"<p>El ministro de Educaci\u00f3n, Luis Miguel De Camps, destac\u00f3 el esfuerzo, la creatividad y la dedicaci\u00f3n de los estudiantes dominicanos que obtuvieron premios en el concurso internacional Desaf\u00edo Naranja, realizado en El Salvador en noviembre, a quienes describi\u00f3 como el resultado de un sistema p\u00fablico universitario que brinda educaci\u00f3n de calidad. &nbsp; &nbsp; La delegaci\u00f3n [&hellip;]<\/p>\n","protected":false},"author":6,"featured_media":4575,"comment_status":"open","ping_status":"open","sticky":false,"template":"","format":"standard","meta":{"om_disable_all_campaigns":false,"_monsterinsights_skip_tracking":false,"_monsterinsights_sitenote_active":false,"_monsterinsights_sitenote_note":"","_monsterinsights_sitenote_category":0,"footnotes":""},"categories":[1],"tags":[444],"class_list":{"0":"post-4574","1":"post","2":"type-post","3":"status-publish","4":"format-standard","5":"has-post-thumbnail","7":"category-nacionales","8":"tag-minerd"},"aioseo_notices":[],"_links":{"self":[{"href":"https:\/\/periodicolarepublica.com\/index.php\/wp-json\/wp\/v2\/posts\/4574","targetHints":{"allow":["GET"]}}],"collection":[{"href":"https:\/\/periodicolarepublica.com\/index.php\/wp-json\/wp\/v2\/posts"}],"about":[{"href":"https:\/\/periodicolarepublica.com\/index.php\/wp-json\/wp\/v2\/types\/post"}],"author":[{"embeddable":true,"href":"https:\/\/periodicolarepublica.com\/index.php\/wp-json\/wp\/v2\/users\/6"}],"replies":[{"embeddable":true,"href":"https:\/\/periodicolarepublica.com\/index.php\/wp-json\/wp\/v2\/comments?post=4574"}],"version-history":[{"count":1,"href":"https:\/\/periodicolarepublica.com\/index.php\/wp-json\/wp\/v2\/posts\/4574\/revisions"}],"predecessor-version":[{"id":4576,"href":"https:\/\/periodicolarepublica.com\/index.php\/wp-json\/wp\/v2\/posts\/4574\/revisions\/4576"}],"wp:featuredmedia":[{"embeddable":true,"href":"https:\/\/periodicolarepublica.com\/index.php\/wp-json\/wp\/v2\/media\/4575"}],"wp:attachment":[{"href":"https:\/\/periodicolarepublica.com\/index.php\/wp-json\/wp\/v2\/media?parent=4574"}],"wp:term":[{"taxonomy":"category","embeddable":true,"href":"https:\/\/periodicolarepublica.com\/index.php\/wp-json\/wp\/v2\/categories?post=4574"},{"taxonomy":"post_tag","embeddable":true,"href":"https:\/\/periodicolarepublica.com\/index.php\/wp-json\/wp\/v2\/tags?post=4574"}],"curies":[{"name":"wp","href":"https:\/\/api.w.org\/{rel}","templated":true}]}}