{"id":4577,"date":"2025-12-10T17:58:20","date_gmt":"2025-12-10T21:58:20","guid":{"rendered":"https:\/\/periodicolarepublica.com\/?p=4577"},"modified":"2025-12-10T17:58:20","modified_gmt":"2025-12-10T21:58:20","slug":"concluye-con-exito-tercera-edicion-de-alma-casa-de-campo","status":"publish","type":"post","link":"https:\/\/periodicolarepublica.com\/index.php\/2025\/12\/10\/concluye-con-exito-tercera-edicion-de-alma-casa-de-campo\/","title":{"rendered":"Concluye con \u00e9xito tercera edici\u00f3n de ALMA Casa de Campo"},"content":{"rendered":"<p>Casa de Campo Resort &amp; Villas clausur\u00f3 con \u00e9xito rotundo la tercera edici\u00f3n de su aclamado evento, \u00abALMA Casa de Campo\u00bb. Este a\u00f1o, la cita reafirm\u00f3 su posici\u00f3n como un punto de encuentro estrat\u00e9gico entre el capital dominicano y espa\u00f1ol. El evento fue una experiencia inolvidable que fusion\u00f3 magistralmente la tradici\u00f3n andaluza con la alta cocina y el networking empresarial.<\/p>\n<p>&nbsp;<\/p>\n<p>El fin de semana comenz\u00f3 con el c\u00f3ctel exclusivo Networking ALMA, que reuni\u00f3 a una destacada cantidad de empresarios de ambos pa\u00edses. Las fundadoras y empresarias espa\u00f1olas, Cuchy P\u00e9rez y Susana Deleito, enfatizaron la visi\u00f3n del evento: posicionar a la Rep\u00fablica Dominicana como un destino privilegiado y seguro para la inversi\u00f3n espa\u00f1ola, adem\u00e1s de estrechar lazos comerciales entre ambos pa\u00edses.<\/p>\n<p>&nbsp;<\/p>\n<p>Los eventos continuaron en la Marina Riverside con una deslumbrante cena. La noche se visti\u00f3 de etiqueta, donde los asistentes disfrutaron de un men\u00fa y postre dise\u00f1ados personalmente por el prestigioso chef Ram\u00f3n Freixa, poseedor de dos estrellas Michelin. La velada culmin\u00f3 con una espectacular presentaci\u00f3n de flamenco protagonizada por el virtuoso del cante, Miguel Poveda, quien llen\u00f3 el ambiente de pasi\u00f3n desbordante.<\/p>\n<p>&nbsp;<\/p>\n<p>&nbsp;<\/p>\n","protected":false},"excerpt":{"rendered":"<p>Casa de Campo Resort &amp; Villas clausur\u00f3 con \u00e9xito rotundo la tercera edici\u00f3n de su aclamado evento, \u00abALMA Casa de Campo\u00bb. Este a\u00f1o, la cita reafirm\u00f3 su posici\u00f3n como un punto de encuentro estrat\u00e9gico entre el capital dominicano y espa\u00f1ol. El evento fue una experiencia inolvidable que fusion\u00f3 magistralmente la tradici\u00f3n andaluza con la alta [&hellip;]<\/p>\n","protected":false},"author":6,"featured_media":0,"comment_status":"open","ping_status":"open","sticky":false,"template":"","format":"standard","meta":{"om_disable_all_campaigns":false,"_monsterinsights_skip_tracking":false,"_monsterinsights_sitenote_active":false,"_monsterinsights_sitenote_note":"","_monsterinsights_sitenote_category":0,"footnotes":""},"categories":[1],"tags":[],"class_list":{"0":"post-4577","1":"post","2":"type-post","3":"status-publish","4":"format-standard","6":"category-nacionales"},"aioseo_notices":[],"_links":{"self":[{"href":"https:\/\/periodicolarepublica.com\/index.php\/wp-json\/wp\/v2\/posts\/4577","targetHints":{"allow":["GET"]}}],"collection":[{"href":"https:\/\/periodicolarepublica.com\/index.php\/wp-json\/wp\/v2\/posts"}],"about":[{"href":"https:\/\/periodicolarepublica.com\/index.php\/wp-json\/wp\/v2\/types\/post"}],"author":[{"embeddable":true,"href":"https:\/\/periodicolarepublica.com\/index.php\/wp-json\/wp\/v2\/users\/6"}],"replies":[{"embeddable":true,"href":"https:\/\/periodicolarepublica.com\/index.php\/wp-json\/wp\/v2\/comments?post=4577"}],"version-history":[{"count":1,"href":"https:\/\/periodicolarepublica.com\/index.php\/wp-json\/wp\/v2\/posts\/4577\/revisions"}],"predecessor-version":[{"id":4578,"href":"https:\/\/periodicolarepublica.com\/index.php\/wp-json\/wp\/v2\/posts\/4577\/revisions\/4578"}],"wp:attachment":[{"href":"https:\/\/periodicolarepublica.com\/index.php\/wp-json\/wp\/v2\/media?parent=4577"}],"wp:term":[{"taxonomy":"category","embeddable":true,"href":"https:\/\/periodicolarepublica.com\/index.php\/wp-json\/wp\/v2\/categories?post=4577"},{"taxonomy":"post_tag","embeddable":true,"href":"https:\/\/periodicolarepublica.com\/index.php\/wp-json\/wp\/v2\/tags?post=4577"}],"curies":[{"name":"wp","href":"https:\/\/api.w.org\/{rel}","templated":true}]}}