{"id":4580,"date":"2025-12-11T10:11:02","date_gmt":"2025-12-11T14:11:02","guid":{"rendered":"https:\/\/periodicolarepublica.com\/?p=4580"},"modified":"2025-12-11T10:11:02","modified_gmt":"2025-12-11T14:11:02","slug":"voluntariado-banreservas-lleva-la-navidad-a-cientos-de-ninos-y-ejecuta-operativo-ambiental-en-el-ozama","status":"publish","type":"post","link":"https:\/\/periodicolarepublica.com\/index.php\/2025\/12\/11\/voluntariado-banreservas-lleva-la-navidad-a-cientos-de-ninos-y-ejecuta-operativo-ambiental-en-el-ozama\/","title":{"rendered":"Voluntariado Banreservas lleva la Navidad a cientos de ni\u00f1os y ejecuta operativo ambiental en el Ozama"},"content":{"rendered":"<p>Santo Domingo.\u2013 El Voluntariado Banreservas llev\u00f3 alegr\u00eda a decenas de ni\u00f1os de la Escuela Movearte, en el Dique del r\u00edo Ozama, durante su tradicional Fiesta de Navidad, actividad que se realiz\u00f3 de manera simult\u00e1nea con un operativo masivo del programa ambiental \u201cVida para el Ozama\u201d.<\/p>\n<p>&nbsp;<\/p>\n<p>El acto fue encabezado por la presidenta del Voluntariado Banreservas, Dra. Carmen Alicia Quijano de Aguilera, acompa\u00f1ada del presidente ejecutivo del Banco de Reservas, Dr. Leonardo Aguilera, y del obispo Manuel Ruiz, fundador del centro educativo.<\/p>\n<p>&nbsp;<\/p>\n<p>Durante el encuentro, la presidenta del Voluntariado destac\u00f3 la importancia de acompa\u00f1ar a la comunidad en la \u00e9poca navide\u00f1a y reiter\u00f3 el compromiso de la instituci\u00f3n con la promoci\u00f3n de valores de solidaridad y fe. Los representantes del Banco recorrieron las instalaciones de la escuela, donde compartieron con los ni\u00f1os, visitaron aulas y entregaron juguetes.<\/p>\n<p>&nbsp;<\/p>\n<p>La celebraci\u00f3n incluy\u00f3 juegos tradicionales, presentaciones art\u00edsticas, pinta caritas y un brindis especial, actividades que mantuvieron un ambiente festivo para los estudiantes y sus familias.<\/p>\n<p>&nbsp;<\/p>\n<p>De forma paralela, el Voluntariado Banreservas desarroll\u00f3 el operativo \u201cVida para el Ozama\u201d, que benefici\u00f3 a m\u00e1s de 1,000 residentes de zonas aleda\u00f1as al r\u00edo. Los participantes intercambiaron pl\u00e1sticos por raciones de alimentos de la canasta b\u00e1sica. En total se distribuyeron 713 raciones y se recolectaron 8,400 libras de pl\u00e1stico, como parte de las acciones para promover el saneamiento ambiental en la zona.<\/p>\n<p><img loading=\"lazy\" decoding=\"async\" class=\"alignnone size-medium wp-image-4581\" src=\"https:\/\/periodicolarepublica.com\/wp-content\/uploads\/2025\/12\/IMG-20251211-WA0019-scaled-e1765462216418-285x300.jpg\" alt=\"\" width=\"285\" height=\"300\" srcset=\"https:\/\/periodicolarepublica.com\/wp-content\/uploads\/2025\/12\/IMG-20251211-WA0019-scaled-e1765462216418-285x300.jpg 285w, https:\/\/periodicolarepublica.com\/wp-content\/uploads\/2025\/12\/IMG-20251211-WA0019-scaled-e1765462216418-973x1024.jpg 973w, https:\/\/periodicolarepublica.com\/wp-content\/uploads\/2025\/12\/IMG-20251211-WA0019-scaled-e1765462216418-768x809.jpg 768w, https:\/\/periodicolarepublica.com\/wp-content\/uploads\/2025\/12\/IMG-20251211-WA0019-scaled-e1765462216418-150x158.jpg 150w, https:\/\/periodicolarepublica.com\/wp-content\/uploads\/2025\/12\/IMG-20251211-WA0019-scaled-e1765462216418-300x316.jpg 300w, https:\/\/periodicolarepublica.com\/wp-content\/uploads\/2025\/12\/IMG-20251211-WA0019-scaled-e1765462216418-600x632.jpg 600w, https:\/\/periodicolarepublica.com\/wp-content\/uploads\/2025\/12\/IMG-20251211-WA0019-scaled-e1765462216418-696x733.jpg 696w, https:\/\/periodicolarepublica.com\/wp-content\/uploads\/2025\/12\/IMG-20251211-WA0019-scaled-e1765462216418-1068x1124.jpg 1068w, https:\/\/periodicolarepublica.com\/wp-content\/uploads\/2025\/12\/IMG-20251211-WA0019-scaled-e1765462216418.jpg 1365w\" sizes=\"auto, (max-width: 285px) 100vw, 285px\" \/><\/p>\n","protected":false},"excerpt":{"rendered":"<p>Santo Domingo.\u2013 El Voluntariado Banreservas llev\u00f3 alegr\u00eda a decenas de ni\u00f1os de la Escuela Movearte, en el Dique del r\u00edo Ozama, durante su tradicional Fiesta de Navidad, actividad que se realiz\u00f3 de manera simult\u00e1nea con un operativo masivo del programa ambiental \u201cVida para el Ozama\u201d. &nbsp; El acto fue encabezado por la presidenta del Voluntariado [&hellip;]<\/p>\n","protected":false},"author":6,"featured_media":4581,"comment_status":"open","ping_status":"open","sticky":false,"template":"","format":"standard","meta":{"om_disable_all_campaigns":false,"_monsterinsights_skip_tracking":false,"_monsterinsights_sitenote_active":false,"_monsterinsights_sitenote_note":"","_monsterinsights_sitenote_category":0,"footnotes":""},"categories":[1],"tags":[],"class_list":{"0":"post-4580","1":"post","2":"type-post","3":"status-publish","4":"format-standard","5":"has-post-thumbnail","7":"category-nacionales"},"aioseo_notices":[],"_links":{"self":[{"href":"https:\/\/periodicolarepublica.com\/index.php\/wp-json\/wp\/v2\/posts\/4580","targetHints":{"allow":["GET"]}}],"collection":[{"href":"https:\/\/periodicolarepublica.com\/index.php\/wp-json\/wp\/v2\/posts"}],"about":[{"href":"https:\/\/periodicolarepublica.com\/index.php\/wp-json\/wp\/v2\/types\/post"}],"author":[{"embeddable":true,"href":"https:\/\/periodicolarepublica.com\/index.php\/wp-json\/wp\/v2\/users\/6"}],"replies":[{"embeddable":true,"href":"https:\/\/periodicolarepublica.com\/index.php\/wp-json\/wp\/v2\/comments?post=4580"}],"version-history":[{"count":1,"href":"https:\/\/periodicolarepublica.com\/index.php\/wp-json\/wp\/v2\/posts\/4580\/revisions"}],"predecessor-version":[{"id":4582,"href":"https:\/\/periodicolarepublica.com\/index.php\/wp-json\/wp\/v2\/posts\/4580\/revisions\/4582"}],"wp:featuredmedia":[{"embeddable":true,"href":"https:\/\/periodicolarepublica.com\/index.php\/wp-json\/wp\/v2\/media\/4581"}],"wp:attachment":[{"href":"https:\/\/periodicolarepublica.com\/index.php\/wp-json\/wp\/v2\/media?parent=4580"}],"wp:term":[{"taxonomy":"category","embeddable":true,"href":"https:\/\/periodicolarepublica.com\/index.php\/wp-json\/wp\/v2\/categories?post=4580"},{"taxonomy":"post_tag","embeddable":true,"href":"https:\/\/periodicolarepublica.com\/index.php\/wp-json\/wp\/v2\/tags?post=4580"}],"curies":[{"name":"wp","href":"https:\/\/api.w.org\/{rel}","templated":true}]}}